{"id":54471,"date":"2023-05-17T11:00:57","date_gmt":"2023-05-17T15:00:57","guid":{"rendered":"https:\/\/agendaparaguay.com\/v2\/?p=54471"},"modified":"2023-05-17T10:39:02","modified_gmt":"2023-05-17T14:39:02","slug":"que-es-la-muerte-cruzada-que-permitio-a-guillermo-lasso-convocar-a-elecciones-generales-anticipadas-en-ecuador","status":"publish","type":"post","link":"https:\/\/agendaparaguay.com\/v2\/2023\/05\/17\/que-es-la-muerte-cruzada-que-permitio-a-guillermo-lasso-convocar-a-elecciones-generales-anticipadas-en-ecuador\/","title":{"rendered":"Qu\u00e9 es la \u201cmuerte cruzada\u201d que permiti\u00f3 a Guillermo Lasso convocar a elecciones generales anticipadas en Ecuador"},"content":{"rendered":"<p style=\"text-align: justify;\">El presidente de Ecuador, Guillermo Lasso, decret\u00f3 la disoluci\u00f3n del congreso por \u201cgrave crisis pol\u00edtica y conmoci\u00f3n interna\u201d y dispuso que se convoquen elecciones generales anticipadas. Esta decisi\u00f3n se bas\u00f3 en un recurso constitucional que fue incluido en la Constituci\u00f3n emitida en 2008, durante el gobierno de Rafael Correa, y que no hab\u00eda sido utilizado hasta ahora.<!--more--><\/p>\n<p style=\"text-align: justify;\">La disoluci\u00f3n anticipada de los poderes legislativos, popularmente conocida como muerte cruzada, es la facultad del presidente de la Rep\u00fablica como de la Asamblea Nacional para interrumpir el periodo de funciones de los legisladores y del jefe del Estado, y de convocar a elecciones generales para la reposici\u00f3n de estos cargos en acefal\u00eda.<\/p>\n<p style=\"text-align: justify;\">En la opini\u00f3n p\u00fablica se la conoce como \u201cmuerte cruzada\u201d porque contempla la terminaci\u00f3n anticipada del periodo de funciones de los titulares de los poderes ejecutivo y legislativo, simult\u00e1neamente autoridades representativas que deber\u00e1n reemplazarse en el mismo acto eleccionario, celebrado para el mismo d\u00eda. Inclusive, el presidente o legisladores en funciones tienen permitido participar en esa elecci\u00f3n, siempre que est\u00e9n ejerciendo por primera vez el cargo de manera consecutiva.<\/p>\n<p style=\"text-align: justify;\">El congreso intent\u00f3 activar este recurso en junio de 2022, durante las protestas que paralizaron al pa\u00eds por 18 d\u00edas, pero no lograron los votos. Ahora, en medio del juicio pol\u00edtico que impulsaba la oposici\u00f3n, Guillermo Lasso us\u00f3 esta figura y marc\u00f3 un precedente hist\u00f3rico al activar la \u201cmuerte cruzada\u201d por primera vez.<\/p>\n<p style=\"text-align: justify;\">Esta facultad puede ser ejercida solamente por una vez y durante en los tres primeros a\u00f1os de cuatro que dura el mandato y que ejercen simult\u00e1neamente el Ejecutivo como el Legislativo.<\/p>\n<p style=\"text-align: justify;\">Seg\u00fan la Constituci\u00f3n de Ecuador, el mandatario podr\u00e1 invocar este recurso \u201ccuando, a su juicio, (la Asamblea Nacional) se hubiera arrogado funciones que no le competan constitucionalmente, previo dictamen favorable de la Corte Constitucional; o si de forma reiterada e injustificada obstruye la ejecuci\u00f3n del Plan Nacional de Desarrollo, o por grave crisis pol\u00edtica y conmoci\u00f3n interna\u201d.<\/p>\n<p style=\"text-align: justify;\">Esta figura constitucional se incorpor\u00f3 al orden jur\u00eddico ecuatoriano a partir de la reforma pol\u00edtica que expidi\u00f3 la Constituci\u00f3n de 2008, convocada entonces por el ex presidente Rafael Correa. Seg\u00fan dispone la carta magna del pa\u00eds, luego de expedido el decreto, en un plazo m\u00e1ximo de siete d\u00edas el Consejo Nacional Electoral (CNE) debe convocar a un proceso electoral para elegir tanto a nuevos legisladores y al presidente de la Rep\u00fablica para el resto de los respectivos periodos. El decreto de disoluci\u00f3n es muy parecido al franqueado por el art\u00edculo 115 de la Constituci\u00f3n Espa\u00f1ola, aunque este se entiende mejor por su contexto parlamentario. Tambi\u00e9n en Per\u00fa, el presidente puede disolver al Congreso, autorizado por el art\u00edculo 134 de la Constituci\u00f3n Peruana, aunque all\u00ed el presidente no pierde su cargo.<\/p>\n<p style=\"text-align: justify;\">Mientras se convocan a los nuevos comicios, el presidente podr\u00e1 gobernar a trav\u00e9s de decretos ley que deben someterse al control de la Corte Constitucional. Este mi\u00e9rcoles, luego de decretar la disoluci\u00f3n del parlamento, Lasso emiti\u00f3 el primer decreto ley en materia econ\u00f3mica y tributaria.<\/p>\n<p style=\"text-align: justify;\">En el 2017, el entonces presidente Rafael Correa amenaz\u00f3 con que los legisladores del oficialismo apelar\u00edan a la figura de la \u201cmuerte cruzada\u201d si es que Guillermo Lasso ganaba los comicios de ese a\u00f1o. \u201cSi gana la oposici\u00f3n y quieren destrozar todo lo ganado, existe la figura de muerte cruzada. Tenemos mayor\u00eda en la Asamblea y en un a\u00f1o nos podr\u00edamos ver de nuevo\u201d, dijo Correa.<\/p>\n<p style=\"text-align: justify;\">Desde que Lasso asumi\u00f3 la Presidencia en mayo de 2021, la posibilidad de que decrete la disoluci\u00f3n parlamentaria ha sido un escenario constante. Luego de las primeras masacres carcelarias y cuando Lasso ten\u00eda el 80% de aceptaci\u00f3n, la entonces ministra de gobierno Alexandra Vela le sugiri\u00f3 que use esta facultad.<\/p>\n<p style=\"text-align: justify;\">Recientemente, en abril de este a\u00f1o, la bancada corre\u00edsta tambi\u00e9n pidi\u00f3 al mandatario que decrete la muerte cruzada por \u201cgrave crisis pol\u00edtica y conmoci\u00f3n interna\u201d. A pesar de esto, el ex presidente Correa se pronunci\u00f3 este mi\u00e9rcoles sobre la decisi\u00f3n de Lasso y dijo que era \u201cilegal\u201d.<\/p>\n<p>Fuente: Infobae.com<\/p>\n","protected":false},"excerpt":{"rendered":"<p>El presidente de Ecuador, Guillermo Lasso, decret\u00f3 la disoluci\u00f3n del congreso por \u201cgrave crisis pol\u00edtica y conmoci\u00f3n interna\u201d y dispuso que se convoquen elecciones generales anticipadas. Esta decisi\u00f3n se bas\u00f3&hellip; <\/p>\n","protected":false},"author":1,"featured_media":54472,"comment_status":"closed","ping_status":"open","sticky":false,"template":"","format":"standard","meta":{"sfsi_plus_gutenberg_text_before_share":"","sfsi_plus_gutenberg_show_text_before_share":"","sfsi_plus_gutenberg_icon_type":"","sfsi_plus_gutenberg_icon_alignemt":"","sfsi_plus_gutenburg_max_per_row":"","footnotes":"","_jetpack_memberships_contains_paid_content":false,"jetpack_publicize_message":"","jetpack_publicize_feature_enabled":true,"jetpack_social_post_already_shared":true,"jetpack_social_options":{"image_generator_settings":{"template":"highway","enabled":false},"version":2}},"categories":[6],"tags":[],"jetpack_publicize_connections":[],"jetpack_sharing_enabled":true,"jetpack_featured_media_url":"https:\/\/agendaparaguay.com\/v2\/wp-content\/uploads\/2023\/05\/ecuador_congreso.png","_links":{"self":[{"href":"https:\/\/agendaparaguay.com\/v2\/wp-json\/wp\/v2\/posts\/54471"}],"collection":[{"href":"https:\/\/agendaparaguay.com\/v2\/wp-json\/wp\/v2\/posts"}],"about":[{"href":"https:\/\/agendaparaguay.com\/v2\/wp-json\/wp\/v2\/types\/post"}],"author":[{"embeddable":true,"href":"https:\/\/agendaparaguay.com\/v2\/wp-json\/wp\/v2\/users\/1"}],"replies":[{"embeddable":true,"href":"https:\/\/agendaparaguay.com\/v2\/wp-json\/wp\/v2\/comments?post=54471"}],"version-history":[{"count":1,"href":"https:\/\/agendaparaguay.com\/v2\/wp-json\/wp\/v2\/posts\/54471\/revisions"}],"predecessor-version":[{"id":54473,"href":"https:\/\/agendaparaguay.com\/v2\/wp-json\/wp\/v2\/posts\/54471\/revisions\/54473"}],"wp:featuredmedia":[{"embeddable":true,"href":"https:\/\/agendaparaguay.com\/v2\/wp-json\/wp\/v2\/media\/54472"}],"wp:attachment":[{"href":"https:\/\/agendaparaguay.com\/v2\/wp-json\/wp\/v2\/media?parent=54471"}],"wp:term":[{"taxonomy":"category","embeddable":true,"href":"https:\/\/agendaparaguay.com\/v2\/wp-json\/wp\/v2\/categories?post=54471"},{"taxonomy":"post_tag","embeddable":true,"href":"https:\/\/agendaparaguay.com\/v2\/wp-json\/wp\/v2\/tags?post=54471"}],"curies":[{"name":"wp","href":"https:\/\/api.w.org\/{rel}","templated":true}]}}