{"id":54607,"date":"2023-05-22T15:41:46","date_gmt":"2023-05-22T19:41:46","guid":{"rendered":"https:\/\/agendaparaguay.com\/v2\/?p=54607"},"modified":"2023-05-22T17:31:37","modified_gmt":"2023-05-22T21:31:37","slug":"es-factible-que-el-caso-erico-galeano-sea-debatido-este-miercoles","status":"publish","type":"post","link":"https:\/\/agendaparaguay.com\/v2\/2023\/05\/22\/es-factible-que-el-caso-erico-galeano-sea-debatido-este-miercoles\/","title":{"rendered":"Es factible que el caso Erico Galeano sea debatido este mi\u00e9rcoles"},"content":{"rendered":"<p style=\"text-align: justify;\">El vicepresidente primero de Diputados, \u00c1ngel Paniagua, se\u00f1al\u00f3 que luego de ser recibida la comunicaci\u00f3n sobre la imputaci\u00f3n de su colega, Erico Galeano, y dictaminado el tema en la Comisi\u00f3n de Asuntos Constitucionales (se reunir\u00e1 ma\u00f1ana), es inminente que el plenario abordar\u00e1 un posible desafuero el d\u00eda mi\u00e9rcoles.<!--more--><\/p>\n<p style=\"text-align: justify;\">El diputado Galeano, cabe recordar, fue imputado por lavado de dinero y asociaci\u00f3n criminal. La comunicaci\u00f3n ya lleg\u00f3 a la C\u00e1mara Baja.<\/p>\n<p style=\"text-align: justify;\">Al ser consultado respecto a su postura, Paniagua manifest\u00f3 no haber le\u00eddo todos los antecedentes, ni analizado la comunicaci\u00f3n remitida por el Ministerio P\u00fablico.<\/p>\n<p style=\"text-align: justify;\">Sin embargo, adelant\u00f3 que las diferentes bancadas tocar\u00e1n el tema en sus respectivas reuniones y luego asumir\u00e1n una posici\u00f3n, lo cual dejar\u00e1 allanado el camino para un debate el pr\u00f3ximo mi\u00e9rcoles, durante el encuentro semanal.<\/p>\n<p style=\"text-align: justify;\">\u201cEn nuestro caso, luego de la reuni\u00f3n de bancada emitiremos la postura. Es necesario conversar pero creo que se va a dar, ya que existe el pedido de una instancia fundamental. Recibida esa comunicaci\u00f3n y dictaminado esto en comisiones, no hay motivo para no tratarlo\u201d, asever\u00f3.<\/p>\n<p style=\"text-align: justify;\">Dentro de este marco, hay que resaltar que la comisi\u00f3n asesora de Asuntos Constitucionales, que preside la diputada Roc\u00edo Vallejo, anunci\u00f3 que el caso del legislador Erico Galeano ser\u00e1 tema de an\u00e1lisis en la reuni\u00f3n que mantendr\u00e1n este martes, desde las 09:00 horas.<\/p>\n<p>Tras dicha reuni\u00f3n se dar\u00e1 a conocer \u00e9l o los dict\u00e1menes.<\/p>\n<p>&nbsp;<\/p>\n","protected":false},"excerpt":{"rendered":"<p>El vicepresidente primero de Diputados, \u00c1ngel Paniagua, se\u00f1al\u00f3 que luego de ser recibida la comunicaci\u00f3n sobre la imputaci\u00f3n de su colega, Erico Galeano, y dictaminado el tema en la Comisi\u00f3n&hellip; <\/p>\n","protected":false},"author":1,"featured_media":51007,"comment_status":"closed","ping_status":"open","sticky":false,"template":"","format":"standard","meta":{"sfsi_plus_gutenberg_text_before_share":"","sfsi_plus_gutenberg_show_text_before_share":"","sfsi_plus_gutenberg_icon_type":"","sfsi_plus_gutenberg_icon_alignemt":"","sfsi_plus_gutenburg_max_per_row":"","footnotes":"","_jetpack_memberships_contains_paid_content":false,"jetpack_publicize_message":"","jetpack_publicize_feature_enabled":true,"jetpack_social_post_already_shared":true,"jetpack_social_options":{"image_generator_settings":{"template":"highway","enabled":false},"version":2}},"categories":[4],"tags":[],"jetpack_publicize_connections":[],"jetpack_sharing_enabled":true,"jetpack_featured_media_url":"https:\/\/agendaparaguay.com\/v2\/wp-content\/uploads\/2023\/01\/angel_paniagua_permanente.jpg","_links":{"self":[{"href":"https:\/\/agendaparaguay.com\/v2\/wp-json\/wp\/v2\/posts\/54607"}],"collection":[{"href":"https:\/\/agendaparaguay.com\/v2\/wp-json\/wp\/v2\/posts"}],"about":[{"href":"https:\/\/agendaparaguay.com\/v2\/wp-json\/wp\/v2\/types\/post"}],"author":[{"embeddable":true,"href":"https:\/\/agendaparaguay.com\/v2\/wp-json\/wp\/v2\/users\/1"}],"replies":[{"embeddable":true,"href":"https:\/\/agendaparaguay.com\/v2\/wp-json\/wp\/v2\/comments?post=54607"}],"version-history":[{"count":1,"href":"https:\/\/agendaparaguay.com\/v2\/wp-json\/wp\/v2\/posts\/54607\/revisions"}],"predecessor-version":[{"id":54608,"href":"https:\/\/agendaparaguay.com\/v2\/wp-json\/wp\/v2\/posts\/54607\/revisions\/54608"}],"wp:featuredmedia":[{"embeddable":true,"href":"https:\/\/agendaparaguay.com\/v2\/wp-json\/wp\/v2\/media\/51007"}],"wp:attachment":[{"href":"https:\/\/agendaparaguay.com\/v2\/wp-json\/wp\/v2\/media?parent=54607"}],"wp:term":[{"taxonomy":"category","embeddable":true,"href":"https:\/\/agendaparaguay.com\/v2\/wp-json\/wp\/v2\/categories?post=54607"},{"taxonomy":"post_tag","embeddable":true,"href":"https:\/\/agendaparaguay.com\/v2\/wp-json\/wp\/v2\/tags?post=54607"}],"curies":[{"name":"wp","href":"https:\/\/api.w.org\/{rel}","templated":true}]}}