{"id":54621,"date":"2023-05-22T17:37:07","date_gmt":"2023-05-22T21:37:07","guid":{"rendered":"https:\/\/agendaparaguay.com\/v2\/?p=54621"},"modified":"2023-05-22T17:37:07","modified_gmt":"2023-05-22T21:37:07","slug":"detectan-punto-de-acondicimiento-de-vehiculos-para-el-narcotrafico-en-pedro-juan-caballero","status":"publish","type":"post","link":"https:\/\/agendaparaguay.com\/v2\/2023\/05\/22\/detectan-punto-de-acondicimiento-de-vehiculos-para-el-narcotrafico-en-pedro-juan-caballero\/","title":{"rendered":"Detectan punto de acondicimiento de veh\u00edculos para el narcotr\u00e1fico en Pedro Juan Caballero"},"content":{"rendered":"<p style=\"text-align: justify;\">En el marco de la operaci\u00f3n \u00abFrontera Segura\u00bb establecida entre la SENAD y la Polic\u00eda Federal del Brasil en una \u00faltima intervenci\u00f3n detect\u00f3 una propiedad en el barrio Villa Estefan, donde seg\u00fan los indicios hallados acondicionaban veh\u00edculos para el ocultamiento de cargas il\u00edcitas a trav\u00e9s de \u201cfondos falsos\u201d. En el lugar fue hallado un cargamento de 320 kilos de marihuana.<!--more--><\/p>\n<p style=\"text-align: justify;\">El intercambio de informaciones entre las fuerzas aliadas permiti\u00f3 ubicar un deposito en donde se presume, acondicionaban distintos tipos de veh\u00edculos para el env\u00edo de drogas al Brasil. Si bien en el lugar no se encontraba ocupante alguno, los intervinientes obtuvieron documentaciones muy relevantes para el proceso investigativo.<\/p>\n<p style=\"text-align: justify;\">La principal evidencia consisti\u00f3 en una carga cuidadosamente empaquetada, la misma alcanz\u00f3 un peso de 320 kilos 350 gramos.<\/p>\n<p style=\"text-align: justify;\">\u00abFrontera Segura\u00bb, se consolida como un mecanismo de intercambio de informaci\u00f3n que ya ha alcanzado importantes resultados entre los se encuentran la expulsi\u00f3n de peligrosos criminales del Brasil, el decomiso de cargas de drogas y la desarticulaci\u00f3n espacios log\u00edsticos para el narcotr\u00e1fico<\/p>\n","protected":false},"excerpt":{"rendered":"<p>En el marco de la operaci\u00f3n \u00abFrontera Segura\u00bb establecida entre la SENAD y la Polic\u00eda Federal del Brasil en una \u00faltima intervenci\u00f3n detect\u00f3 una propiedad en el barrio Villa Estefan,&hellip; <\/p>\n","protected":false},"author":1,"featured_media":54622,"comment_status":"closed","ping_status":"open","sticky":false,"template":"","format":"standard","meta":{"sfsi_plus_gutenberg_text_before_share":"","sfsi_plus_gutenberg_show_text_before_share":"","sfsi_plus_gutenberg_icon_type":"","sfsi_plus_gutenberg_icon_alignemt":"","sfsi_plus_gutenburg_max_per_row":"","footnotes":"","_jetpack_memberships_contains_paid_content":false,"jetpack_publicize_message":"","jetpack_publicize_feature_enabled":true,"jetpack_social_post_already_shared":true,"jetpack_social_options":{"image_generator_settings":{"template":"highway","enabled":false},"version":2}},"categories":[5],"tags":[],"jetpack_publicize_connections":[],"jetpack_sharing_enabled":true,"jetpack_featured_media_url":"https:\/\/agendaparaguay.com\/v2\/wp-content\/uploads\/2023\/05\/senad_marihuana_piso.jpg","_links":{"self":[{"href":"https:\/\/agendaparaguay.com\/v2\/wp-json\/wp\/v2\/posts\/54621"}],"collection":[{"href":"https:\/\/agendaparaguay.com\/v2\/wp-json\/wp\/v2\/posts"}],"about":[{"href":"https:\/\/agendaparaguay.com\/v2\/wp-json\/wp\/v2\/types\/post"}],"author":[{"embeddable":true,"href":"https:\/\/agendaparaguay.com\/v2\/wp-json\/wp\/v2\/users\/1"}],"replies":[{"embeddable":true,"href":"https:\/\/agendaparaguay.com\/v2\/wp-json\/wp\/v2\/comments?post=54621"}],"version-history":[{"count":1,"href":"https:\/\/agendaparaguay.com\/v2\/wp-json\/wp\/v2\/posts\/54621\/revisions"}],"predecessor-version":[{"id":54623,"href":"https:\/\/agendaparaguay.com\/v2\/wp-json\/wp\/v2\/posts\/54621\/revisions\/54623"}],"wp:featuredmedia":[{"embeddable":true,"href":"https:\/\/agendaparaguay.com\/v2\/wp-json\/wp\/v2\/media\/54622"}],"wp:attachment":[{"href":"https:\/\/agendaparaguay.com\/v2\/wp-json\/wp\/v2\/media?parent=54621"}],"wp:term":[{"taxonomy":"category","embeddable":true,"href":"https:\/\/agendaparaguay.com\/v2\/wp-json\/wp\/v2\/categories?post=54621"},{"taxonomy":"post_tag","embeddable":true,"href":"https:\/\/agendaparaguay.com\/v2\/wp-json\/wp\/v2\/tags?post=54621"}],"curies":[{"name":"wp","href":"https:\/\/api.w.org\/{rel}","templated":true}]}}