{"id":54883,"date":"2023-05-30T19:57:19","date_gmt":"2023-05-30T23:57:19","guid":{"rendered":"https:\/\/agendaparaguay.com\/v2\/?p=54883"},"modified":"2023-05-30T19:57:19","modified_gmt":"2023-05-30T23:57:19","slug":"gabriel-boric-refuto-los-dichos-de-lula-sobre-las-violaciones-a-los-ddhh-en-venezuela-yo-vi-el-horror","status":"publish","type":"post","link":"https:\/\/agendaparaguay.com\/v2\/2023\/05\/30\/gabriel-boric-refuto-los-dichos-de-lula-sobre-las-violaciones-a-los-ddhh-en-venezuela-yo-vi-el-horror\/","title":{"rendered":"Gabriel Boric refut\u00f3 los dichos de Lula sobre las violaciones a los DDHH en Venezuela: \u201cYo vi el horror\u201d"},"content":{"rendered":"<p style=\"text-align: justify;\">El presidente de Chile, Gabriel Boric, viaj\u00f3 este lunes a Brasilia para participar en la cumbre convocada por su hom\u00f3logo de Brasil, Luiz In\u00e1cio Lula da Silva, para avanzar en la integraci\u00f3n regional.<!--more--><\/p>\n<p style=\"text-align: justify;\">Desde all\u00ed, aludi\u00f3 a la reuni\u00f3n bilateral que este lunes tuvo Lula con Maduro, en la cual el presidente brasile\u00f1o calific\u00f3 de \u201cnarrativas\u201d las cr\u00edticas sobre la falta de garant\u00edas democr\u00e1ticas o violaciones de los derechos humanos en Venezuela.<\/p>\n<p style=\"text-align: justify;\">\u201cExpreso, respetuosamente, que tengo una discrepancia con lo dicho por el presidente Lula, en el sentido de que la situaci\u00f3n de los derechos humanos en Venezuela fue una construcci\u00f3n narrativa. No es una construcci\u00f3n narrativa, es una realidad, es grave y yo tuve la oportunidad de ver, vi el horror de los venezolanos. Esta cuesti\u00f3n exige una posici\u00f3n firme\u201d, afirm\u00f3 el Presidente de Chile.<\/p>\n<p style=\"text-align: justify;\">Boric dijo estar feliz de que Venezuela regrese a los foros multilaterales porque cree que son espacios donde se resuelven los problemas: \u201cEso, sin embargo, no puede significar hacer la vista gorda a temas que han sido importantes para nosotros desde el principio. Si quiero ganar una batalla, necesito construir una narrativa para destruir a mi potencial enemigo. Ya sabes la narrativa que se construy\u00f3 contra Venezuela, de antidemocracia y autoritarismo\u201d<\/p>\n<p style=\"text-align: justify;\">Sin embargo, agreg\u00f3: \u201cEso no puede significar meter debajo de la alfombra o hacer la vista gorda sobre temas que para nosotros son de principios importantes\u201d, como la defensa de los derechos humanos.<br \/>\nFuente: Infobae.com<\/p>\n","protected":false},"excerpt":{"rendered":"<p>El presidente de Chile, Gabriel Boric, viaj\u00f3 este lunes a Brasilia para participar en la cumbre convocada por su hom\u00f3logo de Brasil, Luiz In\u00e1cio Lula da Silva, para avanzar en&hellip; <\/p>\n","protected":false},"author":1,"featured_media":49495,"comment_status":"closed","ping_status":"open","sticky":false,"template":"","format":"standard","meta":{"sfsi_plus_gutenberg_text_before_share":"","sfsi_plus_gutenberg_show_text_before_share":"","sfsi_plus_gutenberg_icon_type":"","sfsi_plus_gutenberg_icon_alignemt":"","sfsi_plus_gutenburg_max_per_row":"","footnotes":"","_jetpack_memberships_contains_paid_content":false,"jetpack_publicize_message":"","jetpack_publicize_feature_enabled":true,"jetpack_social_post_already_shared":true,"jetpack_social_options":{"image_generator_settings":{"template":"highway","enabled":false},"version":2}},"categories":[6],"tags":[],"jetpack_publicize_connections":[],"jetpack_sharing_enabled":true,"jetpack_featured_media_url":"https:\/\/agendaparaguay.com\/v2\/wp-content\/uploads\/2022\/11\/chile_presidente_boric.png","_links":{"self":[{"href":"https:\/\/agendaparaguay.com\/v2\/wp-json\/wp\/v2\/posts\/54883"}],"collection":[{"href":"https:\/\/agendaparaguay.com\/v2\/wp-json\/wp\/v2\/posts"}],"about":[{"href":"https:\/\/agendaparaguay.com\/v2\/wp-json\/wp\/v2\/types\/post"}],"author":[{"embeddable":true,"href":"https:\/\/agendaparaguay.com\/v2\/wp-json\/wp\/v2\/users\/1"}],"replies":[{"embeddable":true,"href":"https:\/\/agendaparaguay.com\/v2\/wp-json\/wp\/v2\/comments?post=54883"}],"version-history":[{"count":1,"href":"https:\/\/agendaparaguay.com\/v2\/wp-json\/wp\/v2\/posts\/54883\/revisions"}],"predecessor-version":[{"id":54884,"href":"https:\/\/agendaparaguay.com\/v2\/wp-json\/wp\/v2\/posts\/54883\/revisions\/54884"}],"wp:featuredmedia":[{"embeddable":true,"href":"https:\/\/agendaparaguay.com\/v2\/wp-json\/wp\/v2\/media\/49495"}],"wp:attachment":[{"href":"https:\/\/agendaparaguay.com\/v2\/wp-json\/wp\/v2\/media?parent=54883"}],"wp:term":[{"taxonomy":"category","embeddable":true,"href":"https:\/\/agendaparaguay.com\/v2\/wp-json\/wp\/v2\/categories?post=54883"},{"taxonomy":"post_tag","embeddable":true,"href":"https:\/\/agendaparaguay.com\/v2\/wp-json\/wp\/v2\/tags?post=54883"}],"curies":[{"name":"wp","href":"https:\/\/api.w.org\/{rel}","templated":true}]}}