{"id":55026,"date":"2023-06-05T19:30:19","date_gmt":"2023-06-05T23:30:19","guid":{"rendered":"https:\/\/agendaparaguay.com\/v2\/?p=55026"},"modified":"2023-06-05T21:12:36","modified_gmt":"2023-06-06T01:12:36","slug":"destacan-tarea-en-pos-de-politicas-publicas-integrales","status":"publish","type":"post","link":"https:\/\/agendaparaguay.com\/v2\/2023\/06\/05\/destacan-tarea-en-pos-de-politicas-publicas-integrales\/","title":{"rendered":"Destacan tarea en pos de pol\u00edticas p\u00fablicas integrales"},"content":{"rendered":"<p style=\"text-align: justify;\">El Frente Parlamentario por los Derechos de la Ni\u00f1ez y la Adolescencia, que encabeza la diputada Kattya Gonz\u00e1lez, present\u00f3 el informe de gesti\u00f3n correspondiente al periodo legislativo 2018-2023.<!--more--><\/p>\n<p style=\"text-align: justify;\">La titular del bloque explic\u00f3 que en todo este tiempo se ha hecho un trabajo integral con las diferentes instituciones estatales, como el Ministerio P\u00fablico; el Ministerio de la Defensa P\u00fablica; y otras entidades. Particip\u00f3 la ministra Lorena Segovia de Defensa P\u00fablica.<\/p>\n<p style=\"text-align: justify;\">Dentro de ese marco, tambi\u00e9n mencion\u00f3 que se ha trabajado correctamente con organizaciones de la sociedad civil.<\/p>\n<p style=\"text-align: justify;\">As\u00ed mismo, la congresista sostuvo que la descentralizaci\u00f3n de la atenci\u00f3n y el fortalecimiento de los centros de atenci\u00f3n primaria para la ni\u00f1ez, como las Consejer\u00edas Municipales por los Derechos del Ni\u00f1o, la Ni\u00f1a y el Adolescente (Codeni), fueron temas de ardua labor en el Frente Parlamentario.<\/p>\n<p style=\"text-align: justify;\">Acot\u00f3 que el principal desaf\u00edo de la clase pol\u00edtica es propiciar espacios de escucha para ni\u00f1os, ni\u00f1as y adolescentes; sin dejar de considerar la necesidad de una mayor inversi\u00f3n en pos de pol\u00edticas p\u00fablicas integrales.<\/p>\n<p style=\"text-align: justify;\">\u201cTenemos un camino demasiado largo que recorrer, sobre todo en materia de inversi\u00f3n; pero tambi\u00e9n en materia de una escucha activa por parte de los pol\u00edticos y la sociedad civil, de nuestros ni\u00f1os, ni\u00f1as y adolescentes. Ellos reclaman una visi\u00f3n muy adultoc\u00e9ntrica de todo lo que significa las pol\u00edticas p\u00fablicas en materia de ni\u00f1ez y adolescencia\u201d, signific\u00f3 Kattya Gonz\u00e1lez. Fuente: Diputados<\/p>\n","protected":false},"excerpt":{"rendered":"<p>El Frente Parlamentario por los Derechos de la Ni\u00f1ez y la Adolescencia, que encabeza la diputada Kattya Gonz\u00e1lez, present\u00f3 el informe de gesti\u00f3n correspondiente al periodo legislativo 2018-2023.<\/p>\n","protected":false},"author":1,"featured_media":55027,"comment_status":"closed","ping_status":"open","sticky":false,"template":"","format":"standard","meta":{"sfsi_plus_gutenberg_text_before_share":"","sfsi_plus_gutenberg_show_text_before_share":"","sfsi_plus_gutenberg_icon_type":"","sfsi_plus_gutenberg_icon_alignemt":"","sfsi_plus_gutenburg_max_per_row":"","footnotes":"","_jetpack_memberships_contains_paid_content":false,"jetpack_publicize_message":"","jetpack_publicize_feature_enabled":true,"jetpack_social_post_already_shared":true,"jetpack_social_options":{"image_generator_settings":{"template":"highway","enabled":false},"version":2}},"categories":[4],"tags":[],"jetpack_publicize_connections":[],"jetpack_sharing_enabled":true,"jetpack_featured_media_url":"https:\/\/agendaparaguay.com\/v2\/wp-content\/uploads\/2023\/06\/lorena_segovia_diputados.jpg","_links":{"self":[{"href":"https:\/\/agendaparaguay.com\/v2\/wp-json\/wp\/v2\/posts\/55026"}],"collection":[{"href":"https:\/\/agendaparaguay.com\/v2\/wp-json\/wp\/v2\/posts"}],"about":[{"href":"https:\/\/agendaparaguay.com\/v2\/wp-json\/wp\/v2\/types\/post"}],"author":[{"embeddable":true,"href":"https:\/\/agendaparaguay.com\/v2\/wp-json\/wp\/v2\/users\/1"}],"replies":[{"embeddable":true,"href":"https:\/\/agendaparaguay.com\/v2\/wp-json\/wp\/v2\/comments?post=55026"}],"version-history":[{"count":1,"href":"https:\/\/agendaparaguay.com\/v2\/wp-json\/wp\/v2\/posts\/55026\/revisions"}],"predecessor-version":[{"id":55028,"href":"https:\/\/agendaparaguay.com\/v2\/wp-json\/wp\/v2\/posts\/55026\/revisions\/55028"}],"wp:featuredmedia":[{"embeddable":true,"href":"https:\/\/agendaparaguay.com\/v2\/wp-json\/wp\/v2\/media\/55027"}],"wp:attachment":[{"href":"https:\/\/agendaparaguay.com\/v2\/wp-json\/wp\/v2\/media?parent=55026"}],"wp:term":[{"taxonomy":"category","embeddable":true,"href":"https:\/\/agendaparaguay.com\/v2\/wp-json\/wp\/v2\/categories?post=55026"},{"taxonomy":"post_tag","embeddable":true,"href":"https:\/\/agendaparaguay.com\/v2\/wp-json\/wp\/v2\/tags?post=55026"}],"curies":[{"name":"wp","href":"https:\/\/api.w.org\/{rel}","templated":true}]}}