{"id":55032,"date":"2023-06-05T18:00:05","date_gmt":"2023-06-05T22:00:05","guid":{"rendered":"https:\/\/agendaparaguay.com\/v2\/?p=55032"},"modified":"2023-06-05T20:51:39","modified_gmt":"2023-06-06T00:51:39","slug":"fiscal-general-respalda-controles-de-la-contraloria-al-ministerio-publico","status":"publish","type":"post","link":"https:\/\/agendaparaguay.com\/v2\/2023\/06\/05\/fiscal-general-respalda-controles-de-la-contraloria-al-ministerio-publico\/","title":{"rendered":"Fiscal General respalda controles de la Contralor\u00eda al Ministerio P\u00fablico"},"content":{"rendered":"<p style=\"text-align: justify;\">El Fiscal General del Estado, Dr. Emiliano Rol\u00f3n, manifest\u00f3 por nota oficial dirigida a la Contralor\u00eda General de la Rep\u00fablica, que no se opone reparo alguno a los procedimientos para la constituci\u00f3n y verificaci\u00f3n f\u00edsica \u00abin situ\u00bb, de los bienes de la instituci\u00f3n.<\/p>\n<p style=\"text-align: justify;\">Asimismo, el m\u00e1ximo representante del Ministerio P\u00fablico, se\u00f1al\u00f3 que las documentaciones respaldatorias del Ejercicio Fiscal 2022 (objeto de revisi\u00f3n por parte de la Contralor\u00eda), a la fecha obran en el Centro de Documentaci\u00f3n del Ministerio P\u00fablico, ya que fueron remitidas por el Tribunal de Cuentas, y materialmente se encuentran a disposici\u00f3n del equipo t\u00e9cnico.<\/p>\n<p style=\"text-align: justify;\">Igualmente, el Fiscal General, dej\u00f3 en claro la propuesta institucional de colaborar con los reg\u00edmenes de control instalados por la Constituci\u00f3n Nacional.<\/p>\n","protected":false},"excerpt":{"rendered":"<p>El Fiscal General del Estado, Dr. Emiliano Rol\u00f3n, manifest\u00f3 por nota oficial dirigida a la Contralor\u00eda General de la Rep\u00fablica, que no se opone reparo alguno a los procedimientos para&hellip; <\/p>\n","protected":false},"author":1,"featured_media":52638,"comment_status":"closed","ping_status":"open","sticky":false,"template":"","format":"standard","meta":{"sfsi_plus_gutenberg_text_before_share":"","sfsi_plus_gutenberg_show_text_before_share":"","sfsi_plus_gutenberg_icon_type":"","sfsi_plus_gutenberg_icon_alignemt":"","sfsi_plus_gutenburg_max_per_row":"","footnotes":"","_jetpack_memberships_contains_paid_content":false,"jetpack_publicize_message":"","jetpack_publicize_feature_enabled":true,"jetpack_social_post_already_shared":true,"jetpack_social_options":{"image_generator_settings":{"template":"highway","enabled":false},"version":2}},"categories":[5],"tags":[],"jetpack_publicize_connections":[],"jetpack_sharing_enabled":true,"jetpack_featured_media_url":"https:\/\/agendaparaguay.com\/v2\/wp-content\/uploads\/2023\/03\/emiliano_rolon_4.jpg","_links":{"self":[{"href":"https:\/\/agendaparaguay.com\/v2\/wp-json\/wp\/v2\/posts\/55032"}],"collection":[{"href":"https:\/\/agendaparaguay.com\/v2\/wp-json\/wp\/v2\/posts"}],"about":[{"href":"https:\/\/agendaparaguay.com\/v2\/wp-json\/wp\/v2\/types\/post"}],"author":[{"embeddable":true,"href":"https:\/\/agendaparaguay.com\/v2\/wp-json\/wp\/v2\/users\/1"}],"replies":[{"embeddable":true,"href":"https:\/\/agendaparaguay.com\/v2\/wp-json\/wp\/v2\/comments?post=55032"}],"version-history":[{"count":1,"href":"https:\/\/agendaparaguay.com\/v2\/wp-json\/wp\/v2\/posts\/55032\/revisions"}],"predecessor-version":[{"id":55033,"href":"https:\/\/agendaparaguay.com\/v2\/wp-json\/wp\/v2\/posts\/55032\/revisions\/55033"}],"wp:featuredmedia":[{"embeddable":true,"href":"https:\/\/agendaparaguay.com\/v2\/wp-json\/wp\/v2\/media\/52638"}],"wp:attachment":[{"href":"https:\/\/agendaparaguay.com\/v2\/wp-json\/wp\/v2\/media?parent=55032"}],"wp:term":[{"taxonomy":"category","embeddable":true,"href":"https:\/\/agendaparaguay.com\/v2\/wp-json\/wp\/v2\/categories?post=55032"},{"taxonomy":"post_tag","embeddable":true,"href":"https:\/\/agendaparaguay.com\/v2\/wp-json\/wp\/v2\/tags?post=55032"}],"curies":[{"name":"wp","href":"https:\/\/api.w.org\/{rel}","templated":true}]}}