{"id":55233,"date":"2023-06-13T12:00:59","date_gmt":"2023-06-13T16:00:59","guid":{"rendered":"https:\/\/agendaparaguay.com\/v2\/?p=55233"},"modified":"2023-06-13T14:40:13","modified_gmt":"2023-06-13T18:40:13","slug":"mesa-directiva-del-senado-se-inicia-dialogo-entre-honor-colorado-y-bloque-independiente","status":"publish","type":"post","link":"https:\/\/agendaparaguay.com\/v2\/2023\/06\/13\/mesa-directiva-del-senado-se-inicia-dialogo-entre-honor-colorado-y-bloque-independiente\/","title":{"rendered":"Mesa directiva del Senado: Se inicia di\u00e1logo entre Honor Colorado y bloque independiente"},"content":{"rendered":"<p style=\"text-align: justify;\">Esta ma\u00f1ana, se inici\u00f3 el di\u00e1logo entre el bloque colorado independiente liderado por Lilian Samaniego y el sector de Honor Colorado, representado por el vicepresidente electo Pedro Alliana, con miras a la integraci\u00f3n de la pr\u00f3xima mesa directiva de la c\u00e1mara alta.<!--more--><\/p>\n<p style=\"text-align: justify;\">\u00abIniciamos el di\u00e1logo de la Bancada Colorada independiente de Senadores con el vicepresidente electo Pedro Alliana. En nuestra bancada existen 3 personas que tienen intenci\u00f3n de presidir, Blanca Ovelar, Oscar Salom\u00f3n y yo, el vicepresidente electo lleva nuestra propuesta y vamos a esperar lo que resuelven\u00bb, destac\u00f3 Samaniego tras el encuentro.<\/p>\n<p style=\"text-align: justify;\">\u00abEl lleva la petici\u00f3n de esta bancada colorada que aport\u00f3 con mucha convicci\u00f3n m\u00e1s de 527.000 votos en las \u00faltimas elecciones para el presidente electo Santiago Pe\u00f1a y el vicepresidente Pedro Alliana. Entonces habr\u00e1 di\u00e1logo, iniciamos con mucha expectativa y con el tiempo vamos a comunicar como transcurre\u00bb, resalt\u00f3.<\/p>\n<p style=\"text-align: justify;\">Destac\u00f3 la apertura de Alliana y dijo que seguir\u00e1n adelante con el di\u00e1logo.<\/p>\n<p style=\"text-align: justify;\">Por su parte, Pedro Alliana agradeci\u00f3 a Lilian Samaniego que haya abierto las puertas de su casa para dar inicio al di\u00e1logo.<\/p>\n<p style=\"text-align: justify;\">Alliana reivindic\u00f3 la presidencia este primer periodo para un referente de Honor Colorado.<\/p>\n<p style=\"text-align: justify;\">Dijo que el di\u00e1logo se inicia con la mesa directiva pero que contin\u00faa con otros aspectos que hacen al manejo del pa\u00eds.<\/p>\n<p style=\"text-align: justify;\">\u00abHay otros espacios, en el Parlasur, el Parlatino, representantes en el Consejo de la Magistratura, el Jurado de Enjuiciamiento de Magistrados, es decir, llevamos ahora la propuesta de ellos y hablamos de agotar el di\u00e1logo entes del 20 de junio, fecha hasta donde seguiremos adelante con el di\u00e1logo\u00bb, resalt\u00f3 el vicepresidente electo.<\/p>\n<p style=\"text-align: justify;\">\u00abCreo que est\u00e1n dadas las condiciones que sea un colorado el presidente, (&#8230;) creemos que ese dialogo se va a ir dando\u00bb, resalt\u00f3.<\/p>\n<p style=\"text-align: justify;\">Cabe destacar que el candidato a presidir la c\u00e1mara de Senadores por Honor Colorado es Silvio Ovelar quien esta ma\u00f1ana ratific\u00f3 que seguir\u00e1 adelante con su candidatura hasta el d\u00eda de la integraci\u00f3n de mesa directiva, el pr\u00f3ximo 30 de junio.<\/p>\n","protected":false},"excerpt":{"rendered":"<p>Esta ma\u00f1ana, se inici\u00f3 el di\u00e1logo entre el bloque colorado independiente liderado por Lilian Samaniego y el sector de Honor Colorado, representado por el vicepresidente electo Pedro Alliana, con miras&hellip; <\/p>\n","protected":false},"author":1,"featured_media":55234,"comment_status":"closed","ping_status":"open","sticky":false,"template":"","format":"standard","meta":{"sfsi_plus_gutenberg_text_before_share":"","sfsi_plus_gutenberg_show_text_before_share":"","sfsi_plus_gutenberg_icon_type":"","sfsi_plus_gutenberg_icon_alignemt":"","sfsi_plus_gutenburg_max_per_row":"","footnotes":"","_jetpack_memberships_contains_paid_content":false,"jetpack_publicize_message":"","jetpack_publicize_feature_enabled":true,"jetpack_social_post_already_shared":true,"jetpack_social_options":{"image_generator_settings":{"template":"highway","enabled":false},"version":2}},"categories":[3],"tags":[],"jetpack_publicize_connections":[],"jetpack_sharing_enabled":true,"jetpack_featured_media_url":"https:\/\/agendaparaguay.com\/v2\/wp-content\/uploads\/2023\/06\/pedro_Alliana_llilian_bancada.jpg","_links":{"self":[{"href":"https:\/\/agendaparaguay.com\/v2\/wp-json\/wp\/v2\/posts\/55233"}],"collection":[{"href":"https:\/\/agendaparaguay.com\/v2\/wp-json\/wp\/v2\/posts"}],"about":[{"href":"https:\/\/agendaparaguay.com\/v2\/wp-json\/wp\/v2\/types\/post"}],"author":[{"embeddable":true,"href":"https:\/\/agendaparaguay.com\/v2\/wp-json\/wp\/v2\/users\/1"}],"replies":[{"embeddable":true,"href":"https:\/\/agendaparaguay.com\/v2\/wp-json\/wp\/v2\/comments?post=55233"}],"version-history":[{"count":1,"href":"https:\/\/agendaparaguay.com\/v2\/wp-json\/wp\/v2\/posts\/55233\/revisions"}],"predecessor-version":[{"id":55235,"href":"https:\/\/agendaparaguay.com\/v2\/wp-json\/wp\/v2\/posts\/55233\/revisions\/55235"}],"wp:featuredmedia":[{"embeddable":true,"href":"https:\/\/agendaparaguay.com\/v2\/wp-json\/wp\/v2\/media\/55234"}],"wp:attachment":[{"href":"https:\/\/agendaparaguay.com\/v2\/wp-json\/wp\/v2\/media?parent=55233"}],"wp:term":[{"taxonomy":"category","embeddable":true,"href":"https:\/\/agendaparaguay.com\/v2\/wp-json\/wp\/v2\/categories?post=55233"},{"taxonomy":"post_tag","embeddable":true,"href":"https:\/\/agendaparaguay.com\/v2\/wp-json\/wp\/v2\/tags?post=55233"}],"curies":[{"name":"wp","href":"https:\/\/api.w.org\/{rel}","templated":true}]}}