{"id":55236,"date":"2023-06-13T13:00:30","date_gmt":"2023-06-13T17:00:30","guid":{"rendered":"https:\/\/agendaparaguay.com\/v2\/?p=55236"},"modified":"2023-06-13T14:40:29","modified_gmt":"2023-06-13T18:40:29","slug":"garantizan-gobernabilidad-al-presidente-electo-santiago-pena","status":"publish","type":"post","link":"https:\/\/agendaparaguay.com\/v2\/2023\/06\/13\/garantizan-gobernabilidad-al-presidente-electo-santiago-pena\/","title":{"rendered":"Garantizan \u00abgobernabilidad\u00bb al presidente electo Santiago Pe\u00f1a"},"content":{"rendered":"<p style=\"text-align: justify;\">Miembros de la bancada independiente del Partido Colorado, que lidera la senadora Lilian Samaniego garantiza gobernabilidad al presidente electo Santiago Pe\u00f1a.<!--more--><\/p>\n<p style=\"text-align: justify;\">El vicel\u00edder Juan Afara reivindic\u00f3 en este contexto la presidencia de la c\u00e1mara alta para su bloque, bajo la promesa de acompa\u00f1ar al Poder Ejecutivo desde el Senado.<\/p>\n<p style=\"text-align: justify;\">Fue luego de la reuni\u00f3n mantenida por su bloque con el vicepresidente electo, Pedro Alliana en el marco de las conversaciones tendientes a la integraci\u00f3n de la pr\u00f3xima mesa directiva.<\/p>\n<p style=\"text-align: justify;\">Muy fruct\u00edfera reuni\u00f3n con el Vicepresidente electo Pedro Alliana con integrantes de la Bancada Colorada Independiente en la cual tratamos varios temas pol\u00edticos y le ratificamos el apoyo de esta bancada para darle gobernabilidad al pr\u00f3ximo Gobierno del presidente electo Santiago Pe\u00f1a\u00bb, resalt\u00f3 Afara.<\/p>\n<p style=\"text-align: justify;\">Por su parte, Luis Pettengill tambi\u00e9n resalt\u00f3 la promesa de cooperaci\u00f3n con el pr\u00f3ximo gobierno a fin de lograr una mejor calidad de vida para los paraguayos.<\/p>\n<p style=\"text-align: justify;\">\u00abEstamos fortaleciendo el di\u00e1logo para garantizar la gobernabilidad y el desarrollo del Paraguay. Como Bancada Independiente estamos seguros, que desde la Presidencia del Congreso vamos a cooperar activamente con el pr\u00f3ximo gobierno a fin de lograr una mejor calidad de vida para todos los paraguayos\u00bb, indic\u00f3 Luis Pettengill.<\/p>\n","protected":false},"excerpt":{"rendered":"<p>Miembros de la bancada independiente del Partido Colorado, que lidera la senadora Lilian Samaniego garantiza gobernabilidad al presidente electo Santiago Pe\u00f1a.<\/p>\n","protected":false},"author":1,"featured_media":27033,"comment_status":"closed","ping_status":"open","sticky":false,"template":"","format":"standard","meta":{"sfsi_plus_gutenberg_text_before_share":"","sfsi_plus_gutenberg_show_text_before_share":"","sfsi_plus_gutenberg_icon_type":"","sfsi_plus_gutenberg_icon_alignemt":"","sfsi_plus_gutenburg_max_per_row":"","footnotes":"","_jetpack_memberships_contains_paid_content":false,"jetpack_publicize_message":"","jetpack_publicize_feature_enabled":true,"jetpack_social_post_already_shared":true,"jetpack_social_options":{"image_generator_settings":{"template":"highway","enabled":false},"version":2}},"categories":[3],"tags":[],"jetpack_publicize_connections":[],"jetpack_sharing_enabled":true,"jetpack_featured_media_url":"https:\/\/agendaparaguay.com\/v2\/wp-content\/uploads\/2020\/11\/juan_afara.jpg","_links":{"self":[{"href":"https:\/\/agendaparaguay.com\/v2\/wp-json\/wp\/v2\/posts\/55236"}],"collection":[{"href":"https:\/\/agendaparaguay.com\/v2\/wp-json\/wp\/v2\/posts"}],"about":[{"href":"https:\/\/agendaparaguay.com\/v2\/wp-json\/wp\/v2\/types\/post"}],"author":[{"embeddable":true,"href":"https:\/\/agendaparaguay.com\/v2\/wp-json\/wp\/v2\/users\/1"}],"replies":[{"embeddable":true,"href":"https:\/\/agendaparaguay.com\/v2\/wp-json\/wp\/v2\/comments?post=55236"}],"version-history":[{"count":1,"href":"https:\/\/agendaparaguay.com\/v2\/wp-json\/wp\/v2\/posts\/55236\/revisions"}],"predecessor-version":[{"id":55237,"href":"https:\/\/agendaparaguay.com\/v2\/wp-json\/wp\/v2\/posts\/55236\/revisions\/55237"}],"wp:featuredmedia":[{"embeddable":true,"href":"https:\/\/agendaparaguay.com\/v2\/wp-json\/wp\/v2\/media\/27033"}],"wp:attachment":[{"href":"https:\/\/agendaparaguay.com\/v2\/wp-json\/wp\/v2\/media?parent=55236"}],"wp:term":[{"taxonomy":"category","embeddable":true,"href":"https:\/\/agendaparaguay.com\/v2\/wp-json\/wp\/v2\/categories?post=55236"},{"taxonomy":"post_tag","embeddable":true,"href":"https:\/\/agendaparaguay.com\/v2\/wp-json\/wp\/v2\/tags?post=55236"}],"curies":[{"name":"wp","href":"https:\/\/api.w.org\/{rel}","templated":true}]}}