{"id":55267,"date":"2023-06-13T19:53:19","date_gmt":"2023-06-13T23:53:19","guid":{"rendered":"https:\/\/agendaparaguay.com\/v2\/?p=55267"},"modified":"2023-06-13T19:53:19","modified_gmt":"2023-06-13T23:53:19","slug":"abren-proceso-contra-comerciante-libanes-por-violacion-de-derechos-de-marcas","status":"publish","type":"post","link":"https:\/\/agendaparaguay.com\/v2\/2023\/06\/13\/abren-proceso-contra-comerciante-libanes-por-violacion-de-derechos-de-marcas\/","title":{"rendered":"Abren proceso contra comerciante liban\u00e9s por violaci\u00f3n de derechos de marcas"},"content":{"rendered":"<p style=\"text-align: justify;\">El agente fiscal Ysrael Villlaba abri\u00f3 un proceso penal en contra un comerciante de origen liban\u00e9s por el supuesto hecho punible de violaci\u00f3n de los derechos de marcas. Se trata de Saad Riad Omari, con domicilio laboral en el shopping Par\u00eds del microcentro de Ciudad del Este.<!--more--><\/p>\n<p style=\"text-align: justify;\">De acuerdo con la investigaci\u00f3n, el 10 de mayo de 2023, la Unidad Especializada n.\u00ba 1 en Hechos Punibles contra la Propiedad Intelectual, el Contrabando, Lavado de Dinero y Financiamiento del Terrorismo de Alto Paran\u00e1, allan\u00f3 el local comercial ubicado en el Shopping Par\u00eds, propiedad del ahora encausado y requis\u00f3 productos presumiblemente falsificados.<\/p>\n<p style=\"text-align: justify;\">Entre estos art\u00edculos figuran cables para USB, conectores, cargadores port\u00e1tiles, auriculares y protectores para tel\u00e9fonos celulares, entre otros, de la marca Apple, que eran presumiblemente comercializados en el lugar.<\/p>\n<p style=\"text-align: justify;\">El procedimiento se llev\u00f3 a cabo tras una denuncia presentada por los abogados Federico Huttemann y Enrique Guerrero, representantes convencionales de la firma Apple Inc., propietaria de las marcas \u00abApple\u00bb, \u00abAple marca figurativa\u00bb, \u00abIPhone\u00bb, \u00abIPhone y Etiqueta\u00bb, \u00abAirpods\u00bb y \u00abAple Watch\u00bb.<\/p>\n<p style=\"text-align: justify;\">El allanamiento se llev\u00f3 a cabo en virtud del A.I. n\u00famero 443, del 10 de mayo de 2023, firmado por el magistrado Am\u00edlcar Antonio Marecos, titular del Juzgado Penal de Garant\u00edas n.\u00ba 2.<\/p>\n<p style=\"text-align: justify;\">En el marco de la investigaci\u00f3n, el fiscal Ysrael Villalba reuni\u00f3 evidencias que se\u00f1alan la posible participaci\u00f3n de Saad Riad Omari en el delito investigado, por lo que procedi\u00f3 a imputarlo. Asimismo, solicit\u00f3 al Juzgado de Garant\u00edas un plazo de 2 meses para la conclusi\u00f3n de la pesquisa y la presentaci\u00f3n del requerimiento conclusivo.<\/p>\n","protected":false},"excerpt":{"rendered":"<p>El agente fiscal Ysrael Villlaba abri\u00f3 un proceso penal en contra un comerciante de origen liban\u00e9s por el supuesto hecho punible de violaci\u00f3n de los derechos de marcas. Se trata&hellip; <\/p>\n","protected":false},"author":1,"featured_media":20851,"comment_status":"closed","ping_status":"open","sticky":false,"template":"","format":"standard","meta":{"sfsi_plus_gutenberg_text_before_share":"","sfsi_plus_gutenberg_show_text_before_share":"","sfsi_plus_gutenberg_icon_type":"","sfsi_plus_gutenberg_icon_alignemt":"","sfsi_plus_gutenburg_max_per_row":"","footnotes":"","_jetpack_memberships_contains_paid_content":false,"jetpack_publicize_message":"","jetpack_publicize_feature_enabled":true,"jetpack_social_post_already_shared":true,"jetpack_social_options":{"image_generator_settings":{"template":"highway","enabled":false},"version":2}},"categories":[5],"tags":[],"jetpack_publicize_connections":[],"jetpack_sharing_enabled":true,"jetpack_featured_media_url":"https:\/\/agendaparaguay.com\/v2\/wp-content\/uploads\/2020\/05\/ministerio-publico-fachada.jpg","_links":{"self":[{"href":"https:\/\/agendaparaguay.com\/v2\/wp-json\/wp\/v2\/posts\/55267"}],"collection":[{"href":"https:\/\/agendaparaguay.com\/v2\/wp-json\/wp\/v2\/posts"}],"about":[{"href":"https:\/\/agendaparaguay.com\/v2\/wp-json\/wp\/v2\/types\/post"}],"author":[{"embeddable":true,"href":"https:\/\/agendaparaguay.com\/v2\/wp-json\/wp\/v2\/users\/1"}],"replies":[{"embeddable":true,"href":"https:\/\/agendaparaguay.com\/v2\/wp-json\/wp\/v2\/comments?post=55267"}],"version-history":[{"count":1,"href":"https:\/\/agendaparaguay.com\/v2\/wp-json\/wp\/v2\/posts\/55267\/revisions"}],"predecessor-version":[{"id":55268,"href":"https:\/\/agendaparaguay.com\/v2\/wp-json\/wp\/v2\/posts\/55267\/revisions\/55268"}],"wp:featuredmedia":[{"embeddable":true,"href":"https:\/\/agendaparaguay.com\/v2\/wp-json\/wp\/v2\/media\/20851"}],"wp:attachment":[{"href":"https:\/\/agendaparaguay.com\/v2\/wp-json\/wp\/v2\/media?parent=55267"}],"wp:term":[{"taxonomy":"category","embeddable":true,"href":"https:\/\/agendaparaguay.com\/v2\/wp-json\/wp\/v2\/categories?post=55267"},{"taxonomy":"post_tag","embeddable":true,"href":"https:\/\/agendaparaguay.com\/v2\/wp-json\/wp\/v2\/tags?post=55267"}],"curies":[{"name":"wp","href":"https:\/\/api.w.org\/{rel}","templated":true}]}}