{"id":55291,"date":"2023-06-14T17:00:19","date_gmt":"2023-06-14T21:00:19","guid":{"rendered":"https:\/\/agendaparaguay.com\/v2\/?p=55291"},"modified":"2023-06-14T20:05:28","modified_gmt":"2023-06-15T00:05:28","slug":"diputados-ratifica-su-sancion-inicial-para-el-msp-reprograme-fondos-para-el-incan","status":"publish","type":"post","link":"https:\/\/agendaparaguay.com\/v2\/2023\/06\/14\/diputados-ratifica-su-sancion-inicial-para-el-msp-reprograme-fondos-para-el-incan\/","title":{"rendered":"Diputados ratifica su sanci\u00f3n inicial para el MSP reprograme fondos para el INCAN"},"content":{"rendered":"<p style=\"text-align: justify;\">Tras un extenso debate, la plenaria de la C\u00e1mara de Diputados ratific\u00f3, finalmente, su sanci\u00f3n inicial con respecto a un proyecto de ley de modificaci\u00f3n presupuestaria para el Ministerio de Salud P\u00fablica y Bienestar Social, espec\u00edficamente, para el Instituto Nacional del C\u00e1ncer (Incan).<!--more--><\/p>\n<p style=\"text-align: justify;\">La propuesta autoriza al Ministerio de Salud P\u00fablica a reprogramar recursos por unos G. 95.000 millones, principalmente, para la compra de medicamentos oncol\u00f3gicos e insumos hospitalarios.<\/p>\n<p style=\"text-align: justify;\">Es importante mencionar que, en segunda instancia, este proyecto hab\u00eda sido rechazado por la C\u00e1mara de Senadores, hasta donde vuelve tras la ratificaci\u00f3n de Diputados en la fecha.<\/p>\n<p style=\"text-align: justify;\">Recordemos que la justificaci\u00f3n m\u00e1s importante de Senadores, para rechazar el proyecto era que, paralelamente, ya hab\u00eda aprobado otro documento para el mismo fin.<\/p>\n<p style=\"text-align: justify;\">Tal es as\u00ed que la C\u00e1mara de Diputados hab\u00eda acompa\u00f1ado el proyecto del Senado que tuvo sanci\u00f3n y posterior promulgaci\u00f3n del Poder Ejecutivo.<\/p>\n<p style=\"text-align: justify;\">Sin embargo, el monto result\u00f3 insuficiente y, seg\u00fan argumentos esgrimidos, la mayor parte de los fondos fue utilizada para atender amparos judiciales de pacientes que ya hab\u00edan demandado al Estado, que no estaba proveyendo medicamentos oncol\u00f3gicos.<\/p>\n<p style=\"text-align: justify;\">Por estas y otras consideraciones, la plenaria de Diputados decidi\u00f3, en la fecha, ratificar su versi\u00f3n, de manera a permitir al Incan acceder a una reprogramaci\u00f3n presupuestaria.<\/p>\n<p style=\"text-align: justify;\">Apoyo a la propuesta de reprogramaci\u00f3n<\/p>\n<p style=\"text-align: justify;\">Varios congresistas, durante el estudio del proyecto, lamentaron la situaci\u00f3n de vulnerabilidad extrema de los pacientes con c\u00e1ncer, los que se ven, grandemente, afectados por la falta de medicamentos e insumos.<\/p>\n<p style=\"text-align: justify;\">Argumentaron que la ratificaci\u00f3n de la sanci\u00f3n inicial (reprogramaci\u00f3n), brindar\u00e1 respuestas al reclamo de pacientes y familiares, los que piden asistencia estatal que les permita seguir luchando para vivir.<\/p>\n<p style=\"text-align: justify;\">Asimismo, algunos congresistas comentaron que esta normativa, no era necesaria, puesto que seg\u00fan afirmaron, el Ministerio de Salud P\u00fablica y el Ministerio de Hacienda, tienen todas las herramientas necesarias para modificar el presupuesto y prever la compra de medicamentos e insumos para el Incan.<\/p>\n<p style=\"text-align: justify;\">Una de las proyectistas del documento, diputada Roc\u00edo Abed, insisti\u00f3 en que es necesario brindar respuestas a todos los pacientes, los que tienen el derecho al acceso a un tratamiento integral.<\/p>\n<p style=\"text-align: justify;\">El diputado Antonio Buzarquis pidi\u00f3 el acompa\u00f1amiento del pleno, y pidi\u00f3 a las autoridades del Ejecutivo a que se efectivice la implementaci\u00f3n.<\/p>\n<p style=\"text-align: justify;\">En la misma l\u00ednea, se pronunciaron las diputadas Roc\u00edo Vallejo, Kattya Gonz\u00e1lez, Jazm\u00edn Narv\u00e1ez, y Esm\u00e9rita S\u00e1nchez, quienes afirmaron que ante las necesidades del pueblo, muchas veces, los recursos son insuficientes y que es necesario brindar respuestas concretas a los compatriotas.<\/p>\n<p style=\"text-align: justify;\">El diputado Basilio N\u00fa\u00f1ez, otro de los proyectistas, pidi\u00f3 a las autoridades del Incan, establecer una previsibilidad y gestionar de manera efectiva, la compra de insumos y medicamentos.<\/p>\n<p>La normativa finalmente, fue ratificada, y vuelve a la C\u00e1mara de Senadores.<\/p>\n","protected":false},"excerpt":{"rendered":"<p>Tras un extenso debate, la plenaria de la C\u00e1mara de Diputados ratific\u00f3, finalmente, su sanci\u00f3n inicial con respecto a un proyecto de ley de modificaci\u00f3n presupuestaria para el Ministerio de&hellip; <\/p>\n","protected":false},"author":1,"featured_media":50733,"comment_status":"closed","ping_status":"open","sticky":false,"template":"","format":"standard","meta":{"sfsi_plus_gutenberg_text_before_share":"","sfsi_plus_gutenberg_show_text_before_share":"","sfsi_plus_gutenberg_icon_type":"","sfsi_plus_gutenberg_icon_alignemt":"","sfsi_plus_gutenburg_max_per_row":"","footnotes":"","_jetpack_memberships_contains_paid_content":false,"jetpack_publicize_message":"","jetpack_publicize_feature_enabled":true,"jetpack_social_post_already_shared":true,"jetpack_social_options":{"image_generator_settings":{"template":"highway","enabled":false},"version":2}},"categories":[4],"tags":[],"jetpack_publicize_connections":[],"jetpack_sharing_enabled":true,"jetpack_featured_media_url":"https:\/\/agendaparaguay.com\/v2\/wp-content\/uploads\/2023\/01\/Incan.jpg","_links":{"self":[{"href":"https:\/\/agendaparaguay.com\/v2\/wp-json\/wp\/v2\/posts\/55291"}],"collection":[{"href":"https:\/\/agendaparaguay.com\/v2\/wp-json\/wp\/v2\/posts"}],"about":[{"href":"https:\/\/agendaparaguay.com\/v2\/wp-json\/wp\/v2\/types\/post"}],"author":[{"embeddable":true,"href":"https:\/\/agendaparaguay.com\/v2\/wp-json\/wp\/v2\/users\/1"}],"replies":[{"embeddable":true,"href":"https:\/\/agendaparaguay.com\/v2\/wp-json\/wp\/v2\/comments?post=55291"}],"version-history":[{"count":1,"href":"https:\/\/agendaparaguay.com\/v2\/wp-json\/wp\/v2\/posts\/55291\/revisions"}],"predecessor-version":[{"id":55292,"href":"https:\/\/agendaparaguay.com\/v2\/wp-json\/wp\/v2\/posts\/55291\/revisions\/55292"}],"wp:featuredmedia":[{"embeddable":true,"href":"https:\/\/agendaparaguay.com\/v2\/wp-json\/wp\/v2\/media\/50733"}],"wp:attachment":[{"href":"https:\/\/agendaparaguay.com\/v2\/wp-json\/wp\/v2\/media?parent=55291"}],"wp:term":[{"taxonomy":"category","embeddable":true,"href":"https:\/\/agendaparaguay.com\/v2\/wp-json\/wp\/v2\/categories?post=55291"},{"taxonomy":"post_tag","embeddable":true,"href":"https:\/\/agendaparaguay.com\/v2\/wp-json\/wp\/v2\/tags?post=55291"}],"curies":[{"name":"wp","href":"https:\/\/api.w.org\/{rel}","templated":true}]}}