{"id":55299,"date":"2023-06-14T19:44:52","date_gmt":"2023-06-14T23:44:52","guid":{"rendered":"https:\/\/agendaparaguay.com\/v2\/?p=55299"},"modified":"2023-06-14T19:44:52","modified_gmt":"2023-06-14T23:44:52","slug":"rechazan-veto-del-ejecutivo-con-relacion-a-indemnizacion-por-la-gesta-de-febrero-del-89","status":"publish","type":"post","link":"https:\/\/agendaparaguay.com\/v2\/2023\/06\/14\/rechazan-veto-del-ejecutivo-con-relacion-a-indemnizacion-por-la-gesta-de-febrero-del-89\/","title":{"rendered":"Rechazan veto del Ejecutivo con relaci\u00f3n a indemnizaci\u00f3n por la gesta de febrero del 89\u2019"},"content":{"rendered":"<p style=\"text-align: justify;\">El pleno de la C\u00e1mara de Diputados, durante su sesi\u00f3n ordinaria, en mayor\u00eda, vot\u00f3 por el rechazo del Decreto del Poder Ejecutivo \u201cPor el cual se objeta, totalmente, el proyecto de ley N\u00ba 7081\/2023, \u2018Que establece un r\u00e9gimen de indemnizaci\u00f3n de los soldados conscriptos que prestaron servicio durante la gesta del 2 y 3 de febrero del a\u00f1o 1989\u201d.<!--more--><\/p>\n<p style=\"text-align: justify;\">Recordemos que el proyecto, sancionado en la versi\u00f3n de la C\u00e1mara de Diputados, da cuenta de una indemnizaci\u00f3n de 750 jornales m\u00ednimos para los soldados conscriptos que prestaron servicio en la gesta que instal\u00f3 la democracia y puso fin a la era dictatorial en Paraguay.<\/p>\n<p style=\"text-align: justify;\">La propuesta de ley tiene como objetivo dar cumplimiento a lo establecido en los art\u00edculos 39 y 40 de la Constituci\u00f3n Nacional a favor de los conscriptos que prestaron servicio de la Revoluci\u00f3n del 2 y 3 de febrero de 1989.<\/p>\n<p style=\"text-align: justify;\">Por otro lado, establece que la determinaci\u00f3n de la indemnizaci\u00f3n ser\u00e1 de 5.500 jornales m\u00ednimos a ser asignados a los beneficiarios en un \u00fanico pago.<\/p>\n<p style=\"text-align: justify;\">El diputado Arnaldo Samaniego presidente de la Comisi\u00f3n de Presupuesto, aconsej\u00f3 el rechazo de la objeci\u00f3n total del Poder Ejecutivo.<\/p>\n<p style=\"text-align: justify;\">En el mismo sentido, la legisladora Del Pilar Medina, propuso rechazar el veto del Poder Ejecutivo, teniendo en cuenta que los conscriptos fueron sometidos a la lucha armada, por lo que merecen el reconocimiento del Estado.<\/p>\n<p style=\"text-align: justify;\">A su vez, el presidente de la Comisi\u00f3n de Cuentas y Control de Ejecuci\u00f3n Presupuestaria, Edgar Acosta, propuso tambi\u00e9n rechazar la objeci\u00f3n total del Poder Ejecutivo.<\/p>\n<p style=\"text-align: justify;\">Se sum\u00f3 para el levantamiento del veto del Poder Ejecutivo, la titular de la Comisi\u00f3n de Derechos Humanos, Esm\u00e9rita S\u00e1nchez, en reconocimiento de los derechos humanos de los soldados conscriptos.<\/p>\n<p style=\"text-align: justify;\">Los congresistas sostuvieron que la decisi\u00f3n asumida de rechazar el veto, apunta a una estricta justicia y en reconocimiento a quienes arriesgaron e incluso dieron sus vidas, para que hoy se est\u00e9 gozando de la libertad plena en el Paraguay.<\/p>\n<p style=\"text-align: justify;\">Se dispuso que la objeci\u00f3n total del Poder Ejecutivo, tras su levantamiento parcial en la C\u00e1mara de Diputados, sea remitida a la C\u00e1mara de Senadores, que tambi\u00e9n deber\u00e1 rechazar el decreto del Poder Ejecutivo, para que quede firme la decisi\u00f3n del Congreso Nacional. Caso contrario (aceptaci\u00f3n del veto), la objeci\u00f3n total quedar\u00e1 firme.<\/p>\n","protected":false},"excerpt":{"rendered":"<p>El pleno de la C\u00e1mara de Diputados, durante su sesi\u00f3n ordinaria, en mayor\u00eda, vot\u00f3 por el rechazo del Decreto del Poder Ejecutivo \u201cPor el cual se objeta, totalmente, el proyecto&hellip; <\/p>\n","protected":false},"author":1,"featured_media":42366,"comment_status":"closed","ping_status":"open","sticky":false,"template":"","format":"standard","meta":{"sfsi_plus_gutenberg_text_before_share":"","sfsi_plus_gutenberg_show_text_before_share":"","sfsi_plus_gutenberg_icon_type":"","sfsi_plus_gutenberg_icon_alignemt":"","sfsi_plus_gutenburg_max_per_row":"","footnotes":"","_jetpack_memberships_contains_paid_content":false,"jetpack_publicize_message":"","jetpack_publicize_feature_enabled":true,"jetpack_social_post_already_shared":true,"jetpack_social_options":{"image_generator_settings":{"template":"highway","enabled":false},"version":2}},"categories":[4],"tags":[],"jetpack_publicize_connections":[],"jetpack_sharing_enabled":true,"jetpack_featured_media_url":"https:\/\/agendaparaguay.com\/v2\/wp-content\/uploads\/2022\/03\/golpe_del_ano_1999.png","_links":{"self":[{"href":"https:\/\/agendaparaguay.com\/v2\/wp-json\/wp\/v2\/posts\/55299"}],"collection":[{"href":"https:\/\/agendaparaguay.com\/v2\/wp-json\/wp\/v2\/posts"}],"about":[{"href":"https:\/\/agendaparaguay.com\/v2\/wp-json\/wp\/v2\/types\/post"}],"author":[{"embeddable":true,"href":"https:\/\/agendaparaguay.com\/v2\/wp-json\/wp\/v2\/users\/1"}],"replies":[{"embeddable":true,"href":"https:\/\/agendaparaguay.com\/v2\/wp-json\/wp\/v2\/comments?post=55299"}],"version-history":[{"count":1,"href":"https:\/\/agendaparaguay.com\/v2\/wp-json\/wp\/v2\/posts\/55299\/revisions"}],"predecessor-version":[{"id":55300,"href":"https:\/\/agendaparaguay.com\/v2\/wp-json\/wp\/v2\/posts\/55299\/revisions\/55300"}],"wp:featuredmedia":[{"embeddable":true,"href":"https:\/\/agendaparaguay.com\/v2\/wp-json\/wp\/v2\/media\/42366"}],"wp:attachment":[{"href":"https:\/\/agendaparaguay.com\/v2\/wp-json\/wp\/v2\/media?parent=55299"}],"wp:term":[{"taxonomy":"category","embeddable":true,"href":"https:\/\/agendaparaguay.com\/v2\/wp-json\/wp\/v2\/categories?post=55299"},{"taxonomy":"post_tag","embeddable":true,"href":"https:\/\/agendaparaguay.com\/v2\/wp-json\/wp\/v2\/tags?post=55299"}],"curies":[{"name":"wp","href":"https:\/\/api.w.org\/{rel}","templated":true}]}}