{"id":55533,"date":"2023-06-21T15:55:54","date_gmt":"2023-06-21T19:55:54","guid":{"rendered":"https:\/\/agendaparaguay.com\/v2\/?p=55533"},"modified":"2023-06-21T22:17:52","modified_gmt":"2023-06-22T02:17:52","slug":"bancada-de-fuerza-republicana-repudia-declaraciones-de-walter-harms","status":"publish","type":"post","link":"https:\/\/agendaparaguay.com\/v2\/2023\/06\/21\/bancada-de-fuerza-republicana-repudia-declaraciones-de-walter-harms\/","title":{"rendered":"Bancada de Fuerza Republicana repudia declaraciones de Walter Harms"},"content":{"rendered":"<p style=\"text-align: justify;\">Comunicado mediante, la bancada de Fuerza Republicana de la c\u00e1mara de Diputados repudi\u00f3 las declaraciones vertidas por el legislador de Honor Colorado Walter Harms, quien se\u00f1al\u00f3 esta ma\u00f1ana que adem\u00e1s de Gerardo Soria, tambi\u00e9n deber\u00edan de ser expulsado el presidente Mario Abdo Ben\u00edtez.<!--more--><\/p>\n<p style=\"text-align: justify;\">COMUNICADO<\/p>\n<p style=\"text-align: justify;\">\nFieles a los valores republicanos, los ideales democr\u00e1ticos y el compromiso con la b\u00fasqueda del bien com\u00fan, los miembros de la Bancada de Fuerza Republicana de la Honorable C\u00e1mara de Diputados declara;<\/p>\n<p style=\"text-align: justify;\">Firme rechazo a las desafortunadas declaraciones realizadas por el Diputado Walter Harms Creemos que el establecimiento de un ambiente arm\u00f3nico que nos permita llegar a acuerdos sobre proyectos sustantivos y transformadores que beneficien a toda la poblaci\u00f3n requiere el respeto al<\/p>\n<p style=\"text-align: justify;\">disenso, el pensamiento cr\u00edtico y constructivo. Firme rechazo a la decisi\u00f3n arbitraria del Tribunal de Conducta del Partido Colorado.<\/p>\n<p style=\"text-align: justify;\">Este \u00f3rgano partidario, carece de legitimidad debido a que se encuentra con mandato fenecido y principalmente, amenaza la libre expresi\u00f3n y opini\u00f3n de quienes formamos parte de esta asociaci\u00f3n de hombres libres<\/p>\n<p style=\"text-align: justify;\">En ese sentido, solicitamos; La retractaci\u00f3n del Diputado Walter Harms y las disculpas correspondientes.<\/p>\n<p style=\"text-align: justify;\">La revocatoria de la decisi\u00f3n tomada por el Tribunal de Conducta del Partido Colorado respecto a la expulsi\u00f3n del correligionario Gerardo Soria.<\/p>\n<p style=\"text-align: justify;\">La Bancada de Diputados del Movimiento Fuerza Republicana reitera su compromiso con los ideales democr\u00e1ticos y la b\u00fasqueda constante del bien com\u00fan. Llamamos a la reflexi\u00f3n y a la adopci\u00f3n de una postura responsable y constructiva por parte de todos los actores pol\u00edticos para que juntos podamos enfrentar los desaf\u00edos que se presenten y alcanzar un futuro pr\u00f3spero para nuestra Naci\u00f3n<\/p>\n","protected":false},"excerpt":{"rendered":"<p>Comunicado mediante, la bancada de Fuerza Republicana de la c\u00e1mara de Diputados repudi\u00f3 las declaraciones vertidas por el legislador de Honor Colorado Walter Harms, quien se\u00f1al\u00f3 esta ma\u00f1ana que adem\u00e1s&hellip; <\/p>\n","protected":false},"author":1,"featured_media":43406,"comment_status":"closed","ping_status":"open","sticky":false,"template":"","format":"standard","meta":{"sfsi_plus_gutenberg_text_before_share":"","sfsi_plus_gutenberg_show_text_before_share":"","sfsi_plus_gutenberg_icon_type":"","sfsi_plus_gutenberg_icon_alignemt":"","sfsi_plus_gutenburg_max_per_row":"","footnotes":"","_jetpack_memberships_contains_paid_content":false,"jetpack_publicize_message":"","jetpack_publicize_feature_enabled":true,"jetpack_social_post_already_shared":true,"jetpack_social_options":{"image_generator_settings":{"template":"highway","enabled":false},"version":2}},"categories":[4],"tags":[],"jetpack_publicize_connections":[],"jetpack_sharing_enabled":true,"jetpack_featured_media_url":"https:\/\/agendaparaguay.com\/v2\/wp-content\/uploads\/2022\/05\/diputado_walter_harms_2.jpg","_links":{"self":[{"href":"https:\/\/agendaparaguay.com\/v2\/wp-json\/wp\/v2\/posts\/55533"}],"collection":[{"href":"https:\/\/agendaparaguay.com\/v2\/wp-json\/wp\/v2\/posts"}],"about":[{"href":"https:\/\/agendaparaguay.com\/v2\/wp-json\/wp\/v2\/types\/post"}],"author":[{"embeddable":true,"href":"https:\/\/agendaparaguay.com\/v2\/wp-json\/wp\/v2\/users\/1"}],"replies":[{"embeddable":true,"href":"https:\/\/agendaparaguay.com\/v2\/wp-json\/wp\/v2\/comments?post=55533"}],"version-history":[{"count":1,"href":"https:\/\/agendaparaguay.com\/v2\/wp-json\/wp\/v2\/posts\/55533\/revisions"}],"predecessor-version":[{"id":55534,"href":"https:\/\/agendaparaguay.com\/v2\/wp-json\/wp\/v2\/posts\/55533\/revisions\/55534"}],"wp:featuredmedia":[{"embeddable":true,"href":"https:\/\/agendaparaguay.com\/v2\/wp-json\/wp\/v2\/media\/43406"}],"wp:attachment":[{"href":"https:\/\/agendaparaguay.com\/v2\/wp-json\/wp\/v2\/media?parent=55533"}],"wp:term":[{"taxonomy":"category","embeddable":true,"href":"https:\/\/agendaparaguay.com\/v2\/wp-json\/wp\/v2\/categories?post=55533"},{"taxonomy":"post_tag","embeddable":true,"href":"https:\/\/agendaparaguay.com\/v2\/wp-json\/wp\/v2\/tags?post=55533"}],"curies":[{"name":"wp","href":"https:\/\/api.w.org\/{rel}","templated":true}]}}