{"id":55612,"date":"2023-06-23T15:30:50","date_gmt":"2023-06-23T19:30:50","guid":{"rendered":"https:\/\/agendaparaguay.com\/v2\/?p=55612"},"modified":"2023-06-23T15:39:20","modified_gmt":"2023-06-23T19:39:20","slug":"fiscalia-rescata-a-5-menores-y-abrira-causa-por-violacion-del-deber-del-cuidado","status":"publish","type":"post","link":"https:\/\/agendaparaguay.com\/v2\/2023\/06\/23\/fiscalia-rescata-a-5-menores-y-abrira-causa-por-violacion-del-deber-del-cuidado\/","title":{"rendered":"Fiscal\u00eda rescata a 5 menores y abrir\u00e1 causa por violaci\u00f3n del deber del cuidado"},"content":{"rendered":"<p>La agente fiscal de \u00d1emby, Gladys Gonz\u00e1lez se constituy\u00f3 esta ma\u00f1ana, junto a funcionarios de la Codeni, en una vivienda y procedi\u00f3 al rescate de 5 hermanos de entre 16 a\u00f1os y 4 meses de edad.<!--more--><\/p>\n<p>La representante del Ministerio P\u00fablico abrir\u00e1 una carpeta para investigar a la madre y a la abuela de los menores por la presunta comisi\u00f3n de los hechos de violaci\u00f3n del deber del cuidado y maltrato.<\/p>\n<p>Los intervinientes se trasladaron al lugar tras una alerta a trav\u00e9s del servicio Fono Ayuda 147 del Ministerio de la Ni\u00f1ez y Adolescencia.<\/p>\n<p>Adem\u00e1s de rescatarlos, se procedi\u00f3 a proveerles alimentos y los higienizaron en el albergue Mit\u00e2 R\u00f3ga.<\/p>\n","protected":false},"excerpt":{"rendered":"<p>La agente fiscal de \u00d1emby, Gladys Gonz\u00e1lez se constituy\u00f3 esta ma\u00f1ana, junto a funcionarios de la Codeni, en una vivienda y procedi\u00f3 al rescate de 5 hermanos de entre 16&hellip; <\/p>\n","protected":false},"author":1,"featured_media":55613,"comment_status":"closed","ping_status":"open","sticky":false,"template":"","format":"standard","meta":{"sfsi_plus_gutenberg_text_before_share":"","sfsi_plus_gutenberg_show_text_before_share":"","sfsi_plus_gutenberg_icon_type":"","sfsi_plus_gutenberg_icon_alignemt":"","sfsi_plus_gutenburg_max_per_row":"","footnotes":"","_jetpack_memberships_contains_paid_content":false,"jetpack_publicize_message":"","jetpack_publicize_feature_enabled":true,"jetpack_social_post_already_shared":true,"jetpack_social_options":{"image_generator_settings":{"template":"highway","enabled":false},"version":2}},"categories":[5],"tags":[],"jetpack_publicize_connections":[],"jetpack_sharing_enabled":true,"jetpack_featured_media_url":"https:\/\/agendaparaguay.com\/v2\/wp-content\/uploads\/2023\/06\/fiscalia_rescata.jpg","_links":{"self":[{"href":"https:\/\/agendaparaguay.com\/v2\/wp-json\/wp\/v2\/posts\/55612"}],"collection":[{"href":"https:\/\/agendaparaguay.com\/v2\/wp-json\/wp\/v2\/posts"}],"about":[{"href":"https:\/\/agendaparaguay.com\/v2\/wp-json\/wp\/v2\/types\/post"}],"author":[{"embeddable":true,"href":"https:\/\/agendaparaguay.com\/v2\/wp-json\/wp\/v2\/users\/1"}],"replies":[{"embeddable":true,"href":"https:\/\/agendaparaguay.com\/v2\/wp-json\/wp\/v2\/comments?post=55612"}],"version-history":[{"count":1,"href":"https:\/\/agendaparaguay.com\/v2\/wp-json\/wp\/v2\/posts\/55612\/revisions"}],"predecessor-version":[{"id":55614,"href":"https:\/\/agendaparaguay.com\/v2\/wp-json\/wp\/v2\/posts\/55612\/revisions\/55614"}],"wp:featuredmedia":[{"embeddable":true,"href":"https:\/\/agendaparaguay.com\/v2\/wp-json\/wp\/v2\/media\/55613"}],"wp:attachment":[{"href":"https:\/\/agendaparaguay.com\/v2\/wp-json\/wp\/v2\/media?parent=55612"}],"wp:term":[{"taxonomy":"category","embeddable":true,"href":"https:\/\/agendaparaguay.com\/v2\/wp-json\/wp\/v2\/categories?post=55612"},{"taxonomy":"post_tag","embeddable":true,"href":"https:\/\/agendaparaguay.com\/v2\/wp-json\/wp\/v2\/tags?post=55612"}],"curies":[{"name":"wp","href":"https:\/\/api.w.org\/{rel}","templated":true}]}}