{"id":55859,"date":"2023-07-03T09:27:34","date_gmt":"2023-07-03T13:27:34","guid":{"rendered":"https:\/\/agendaparaguay.com\/v2\/?p=55859"},"modified":"2023-07-03T11:23:38","modified_gmt":"2023-07-03T15:23:38","slug":"ministro-de-hacienda-participa-de-las-reuniones-del-consejo-mercado-comun-del-mercosur","status":"publish","type":"post","link":"https:\/\/agendaparaguay.com\/v2\/2023\/07\/03\/ministro-de-hacienda-participa-de-las-reuniones-del-consejo-mercado-comun-del-mercosur\/","title":{"rendered":"Ministro de Hacienda participa de las reuniones del Consejo Mercado Com\u00fan del Mercosur"},"content":{"rendered":"<p style=\"text-align: justify;\">El ministro de Hacienda, Oscar Llamosas, encabeza la delegaci\u00f3n institucional que hoy lunes participar\u00e1 de las reuniones del Consejo Mercado Com\u00fan (CMC), en el marco de la Cumbre de Jefes Estado del Mercosur, que se realiza en la ciudad de Puerto Iguaz\u00fa, Misiones, Argentina.<!--more--><\/p>\n<p style=\"text-align: justify;\">El CMC es la instancia ejecutiva del Mercosur encargada de la conducci\u00f3n pol\u00edtica del bloque, integrada por los Cancilleres Nacionales y Ministros de Econom\u00eda\/Hacienda. En este marco, los representantes de los Estados Partes abordar\u00e1n puntos de la agenda de Relacionamiento Externo del bloque, la actualizaci\u00f3n del R\u00e9gimen de Origen, proyectos en el marco del Fondo para la Convergencia Estructural del Mercosur (Focem), entre otros.<\/p>\n<p style=\"text-align: justify;\">En horas de la tarde, el ministro Llamosas presidir\u00e1 la representaci\u00f3n nacional en la Reuni\u00f3n de Ministros de Econom\u00eda y Presidentes de Bancos Centrales. En esta instancia, las autoridades econ\u00f3micas del bloque conversar\u00e1n sobre la \u201cConvergencia macroecon\u00f3mica y moneda com\u00fan\u201d, principalmente, las \u201cPotencialidades del intercambio comercial en monedas locales\u201d, as\u00ed como los trabajos desarrollados por el Grupo de Monitoreo Macroecon\u00f3mico del Mercosur (GMM).<\/p>\n<p style=\"text-align: justify;\">Finalmente, ma\u00f1ana martes 4 de julio, el titular de la cartera integrar\u00e1 la delegaci\u00f3n oficial nacional que acompa\u00f1ar\u00e1 al presidente de la Rep\u00fablica, Mario Abdo Ben\u00edtez, en la Sesi\u00f3n Plenaria de Jefas y Jefes de Estado del Mercosur, Bolivia, Estados Asociados.<\/p>\n<p style=\"text-align: justify;\">Estas reuniones se realizan como cierre del semestre de trabajo del Mercosur, bloque que el a\u00f1o 2022, represent\u00f3 el 33% del total de las importaciones paraguayas y fue el destino al cual fue exportado el 58% de la producci\u00f3n nacional. Estos datos reflejan que Paraguay es de los cuatro pa\u00edses miembros, que m\u00e1s aprovecha este espacio de integraci\u00f3n. Fuente: Ip<\/p>\n","protected":false},"excerpt":{"rendered":"<p>El ministro de Hacienda, Oscar Llamosas, encabeza la delegaci\u00f3n institucional que hoy lunes participar\u00e1 de las reuniones del Consejo Mercado Com\u00fan (CMC), en el marco de la Cumbre de Jefes&hellip; <\/p>\n","protected":false},"author":1,"featured_media":47374,"comment_status":"closed","ping_status":"open","sticky":false,"template":"","format":"standard","meta":{"sfsi_plus_gutenberg_text_before_share":"","sfsi_plus_gutenberg_show_text_before_share":"","sfsi_plus_gutenberg_icon_type":"","sfsi_plus_gutenberg_icon_alignemt":"","sfsi_plus_gutenburg_max_per_row":"","footnotes":"","_jetpack_memberships_contains_paid_content":false,"jetpack_publicize_message":"","jetpack_publicize_feature_enabled":true,"jetpack_social_post_already_shared":true,"jetpack_social_options":{"image_generator_settings":{"template":"highway","enabled":false},"version":2}},"categories":[2],"tags":[],"jetpack_publicize_connections":[],"jetpack_sharing_enabled":true,"jetpack_featured_media_url":"https:\/\/agendaparaguay.com\/v2\/wp-content\/uploads\/2022\/09\/oscar_llamosas_pgn.jpg","_links":{"self":[{"href":"https:\/\/agendaparaguay.com\/v2\/wp-json\/wp\/v2\/posts\/55859"}],"collection":[{"href":"https:\/\/agendaparaguay.com\/v2\/wp-json\/wp\/v2\/posts"}],"about":[{"href":"https:\/\/agendaparaguay.com\/v2\/wp-json\/wp\/v2\/types\/post"}],"author":[{"embeddable":true,"href":"https:\/\/agendaparaguay.com\/v2\/wp-json\/wp\/v2\/users\/1"}],"replies":[{"embeddable":true,"href":"https:\/\/agendaparaguay.com\/v2\/wp-json\/wp\/v2\/comments?post=55859"}],"version-history":[{"count":1,"href":"https:\/\/agendaparaguay.com\/v2\/wp-json\/wp\/v2\/posts\/55859\/revisions"}],"predecessor-version":[{"id":55860,"href":"https:\/\/agendaparaguay.com\/v2\/wp-json\/wp\/v2\/posts\/55859\/revisions\/55860"}],"wp:featuredmedia":[{"embeddable":true,"href":"https:\/\/agendaparaguay.com\/v2\/wp-json\/wp\/v2\/media\/47374"}],"wp:attachment":[{"href":"https:\/\/agendaparaguay.com\/v2\/wp-json\/wp\/v2\/media?parent=55859"}],"wp:term":[{"taxonomy":"category","embeddable":true,"href":"https:\/\/agendaparaguay.com\/v2\/wp-json\/wp\/v2\/categories?post=55859"},{"taxonomy":"post_tag","embeddable":true,"href":"https:\/\/agendaparaguay.com\/v2\/wp-json\/wp\/v2\/tags?post=55859"}],"curies":[{"name":"wp","href":"https:\/\/api.w.org\/{rel}","templated":true}]}}