{"id":56128,"date":"2023-07-11T10:26:43","date_gmt":"2023-07-11T14:26:43","guid":{"rendered":"https:\/\/agendaparaguay.com\/v2\/?p=56128"},"modified":"2023-07-11T11:54:40","modified_gmt":"2023-07-11T15:54:40","slug":"yamy-nal-tilda-de-traidor-a-payo-cubas","status":"publish","type":"post","link":"https:\/\/agendaparaguay.com\/v2\/2023\/07\/11\/yamy-nal-tilda-de-traidor-a-payo-cubas\/","title":{"rendered":"Yamy Nal tilda de \u00abtraidor\u00bb a Payo Cubas"},"content":{"rendered":"<p style=\"text-align: justify;\">Luego de que Paraguayo Cubas comunicara al presidente del Senado, Silvio Ovelar sobre la renuncia al partido de Norma Aquino (Yamy Nal) y Zenaida Delgado, la legisladora Yamy Nal lanz\u00f3 todo tipo de \u00abdardos\u00bb contra Cubas a quien tild\u00f3 de \u00abingrato y traidor\u00bb.<\/p>\n<p style=\"text-align: justify;\">\u201cLa pareja d\u00fao din\u00e1mico y sus lameculos nuevamente se quieren morfarse el subsidio y poner a todos los lamec\u00fa en cargos que paga el propio partido de la plata del subsidio y no dar ni un guaran\u00ed a los senadores. Pero bien que quieren exigir 5% que se pague por haber entrado como autoridad electa pero a nadie hay que nombrar, \u00e9l es el dictador. Se hace lo que \u00e9l dice sino, le echan del partido\u00bb, se\u00f1ala parte del escrito que comparti\u00f3 en las redes sociales.<\/p>\n<p style=\"text-align: justify;\">La legisladora asegur\u00f3 que el presidente de Cruzada Nacional us\u00f3 a varios dirigentes a quienes luego abandon\u00f3 a su suerte, y cit\u00f3 a varios referentes.<\/p>\n<p style=\"text-align: justify;\">Resalt\u00f3 que son bipolares, que solo les interesa su proyecto personalista y que en la v\u00edspera ella vivi\u00f3 la experiencia, ya que fue pr\u00e1cticamente obligada a renunciar al partido.<\/p>\n<p style=\"text-align: justify;\">\u00abSolo quiero decirte Payo que sos malagradecido y traidor por eso te rodeas por gente como vos, a quien le puedes manejar\u00bb sentenci\u00f3 la legisladora Norma Aquino, quien se hace llamar Yamy Nal.<\/p>\n","protected":false},"excerpt":{"rendered":"<p>Luego de que Paraguayo Cubas comunicara al presidente del Senado, Silvio Ovelar sobre la renuncia al partido de Norma Aquino (Yamy Nal) y Zenaida Delgado, la legisladora Yamy Nal lanz\u00f3&hellip; <\/p>\n","protected":false},"author":1,"featured_media":54175,"comment_status":"closed","ping_status":"open","sticky":false,"template":"","format":"standard","meta":{"sfsi_plus_gutenberg_text_before_share":"","sfsi_plus_gutenberg_show_text_before_share":"","sfsi_plus_gutenberg_icon_type":"","sfsi_plus_gutenberg_icon_alignemt":"","sfsi_plus_gutenburg_max_per_row":"","footnotes":"","_jetpack_memberships_contains_paid_content":false,"jetpack_publicize_message":"","jetpack_publicize_feature_enabled":true,"jetpack_social_post_already_shared":true,"jetpack_social_options":{"image_generator_settings":{"template":"highway","enabled":false},"version":2}},"categories":[3],"tags":[],"jetpack_publicize_connections":[],"jetpack_sharing_enabled":true,"jetpack_featured_media_url":"https:\/\/agendaparaguay.com\/v2\/wp-content\/uploads\/2023\/05\/payo_cubas.jpg","_links":{"self":[{"href":"https:\/\/agendaparaguay.com\/v2\/wp-json\/wp\/v2\/posts\/56128"}],"collection":[{"href":"https:\/\/agendaparaguay.com\/v2\/wp-json\/wp\/v2\/posts"}],"about":[{"href":"https:\/\/agendaparaguay.com\/v2\/wp-json\/wp\/v2\/types\/post"}],"author":[{"embeddable":true,"href":"https:\/\/agendaparaguay.com\/v2\/wp-json\/wp\/v2\/users\/1"}],"replies":[{"embeddable":true,"href":"https:\/\/agendaparaguay.com\/v2\/wp-json\/wp\/v2\/comments?post=56128"}],"version-history":[{"count":1,"href":"https:\/\/agendaparaguay.com\/v2\/wp-json\/wp\/v2\/posts\/56128\/revisions"}],"predecessor-version":[{"id":56129,"href":"https:\/\/agendaparaguay.com\/v2\/wp-json\/wp\/v2\/posts\/56128\/revisions\/56129"}],"wp:featuredmedia":[{"embeddable":true,"href":"https:\/\/agendaparaguay.com\/v2\/wp-json\/wp\/v2\/media\/54175"}],"wp:attachment":[{"href":"https:\/\/agendaparaguay.com\/v2\/wp-json\/wp\/v2\/media?parent=56128"}],"wp:term":[{"taxonomy":"category","embeddable":true,"href":"https:\/\/agendaparaguay.com\/v2\/wp-json\/wp\/v2\/categories?post=56128"},{"taxonomy":"post_tag","embeddable":true,"href":"https:\/\/agendaparaguay.com\/v2\/wp-json\/wp\/v2\/tags?post=56128"}],"curies":[{"name":"wp","href":"https:\/\/api.w.org\/{rel}","templated":true}]}}