{"id":56130,"date":"2023-07-11T11:49:58","date_gmt":"2023-07-11T15:49:58","guid":{"rendered":"https:\/\/agendaparaguay.com\/v2\/?p=56130"},"modified":"2023-07-11T14:19:35","modified_gmt":"2023-07-11T18:19:35","slug":"celeste-sobre-presidencia-de-rivas-en-el-jem-ni-stroessner-se-animo-a-tanto","status":"publish","type":"post","link":"https:\/\/agendaparaguay.com\/v2\/2023\/07\/11\/celeste-sobre-presidencia-de-rivas-en-el-jem-ni-stroessner-se-animo-a-tanto\/","title":{"rendered":"Celeste sobre presidencia de Rivas en el JEM: \u00abNi Stroessner se anim\u00f3 a tanto\u00bb"},"content":{"rendered":"<p style=\"text-align: justify;\">La senadora Celeste Amarilla se refiri\u00f3 a la designaci\u00f3n de su colega Hern\u00e1n Rivas quien en la v\u00edspera fue electo presidente del Jurado de Enjuiciamiento de Magistrados, pese a las cr\u00edticas recibidas por su \u00ablimitada formaci\u00f3n\u00bb, y con t\u00edtulo de \u00abdudosa procedencia\u00bb, seg\u00fan resalt\u00f3 la legisladora.<!--more--><\/p>\n<p style=\"text-align: justify;\">Lament\u00f3 que el gremio de abogados no se haya pronunciado al respecto.<\/p>\n<p style=\"text-align: justify;\">\u00abEsto es la mayor bofetada al pueblo paraguayo, esto fue como un caprichito de ni\u00f1os, porque yo digo que no sabe leer y al d\u00eda siguiente es presidente del Jurado de Enjuiciamiento de Magistrados, como diciendome, ac\u00e1 ten\u00e9s loca, no se leer, pero soy el presidente. Es una afrenta tremenda, ni Stroessner se anim\u00f3 a tanto\u00bb, destac\u00f3 la legisladora.<\/p>\n<p style=\"text-align: justify;\">Agreg\u00f3 que Stroessner siempre promovi\u00f3 a personas con mayor capacidad no moral, pero si acad\u00e9mica.<\/p>\n<p style=\"text-align: justify;\">\u00abEsto es realmente vergonzoso y me llama la atenci\u00f3n que el Colegio de Abogados no diga nada y que (Oscar) Paciello no diga nada o la Academia no diga nada. Este muchacho va a juzgarle a profesores doctores, y \u00e9l no sabe leer o no interpreta lo que lee y tiene un t\u00edtulo de dudos\u00edsima procedencia y nunca ejerci\u00f3 la profesi\u00f3n\u00bb, agreg\u00f3 Celeste Amarilla.<\/p>\n<p style=\"text-align: justify;\">La parlamentaria liberal destac\u00f3 adem\u00e1s que, si la tem\u00e1tica del Senado ser\u00e1 pasar su video de la supuesta \u00abfamosa coima\u00bb cada vez que ella formula una denuncia, tambi\u00e9n ella se dedicar\u00e1 a pasar videos que comprometen a varios legisladores.<\/p>\n","protected":false},"excerpt":{"rendered":"<p>La senadora Celeste Amarilla se refiri\u00f3 a la designaci\u00f3n de su colega Hern\u00e1n Rivas quien en la v\u00edspera fue electo presidente del Jurado de Enjuiciamiento de Magistrados, pese a las&hellip; <\/p>\n","protected":false},"author":1,"featured_media":42655,"comment_status":"closed","ping_status":"open","sticky":false,"template":"","format":"standard","meta":{"sfsi_plus_gutenberg_text_before_share":"","sfsi_plus_gutenberg_show_text_before_share":"","sfsi_plus_gutenberg_icon_type":"","sfsi_plus_gutenberg_icon_alignemt":"","sfsi_plus_gutenburg_max_per_row":"","footnotes":"","_jetpack_memberships_contains_paid_content":false,"jetpack_publicize_message":"","jetpack_publicize_feature_enabled":true,"jetpack_social_post_already_shared":true,"jetpack_social_options":{"image_generator_settings":{"template":"highway","enabled":false},"version":2}},"categories":[3],"tags":[],"jetpack_publicize_connections":[],"jetpack_sharing_enabled":true,"jetpack_featured_media_url":"https:\/\/agendaparaguay.com\/v2\/wp-content\/uploads\/2022\/04\/celeste_amarilla_abril.jpg","_links":{"self":[{"href":"https:\/\/agendaparaguay.com\/v2\/wp-json\/wp\/v2\/posts\/56130"}],"collection":[{"href":"https:\/\/agendaparaguay.com\/v2\/wp-json\/wp\/v2\/posts"}],"about":[{"href":"https:\/\/agendaparaguay.com\/v2\/wp-json\/wp\/v2\/types\/post"}],"author":[{"embeddable":true,"href":"https:\/\/agendaparaguay.com\/v2\/wp-json\/wp\/v2\/users\/1"}],"replies":[{"embeddable":true,"href":"https:\/\/agendaparaguay.com\/v2\/wp-json\/wp\/v2\/comments?post=56130"}],"version-history":[{"count":1,"href":"https:\/\/agendaparaguay.com\/v2\/wp-json\/wp\/v2\/posts\/56130\/revisions"}],"predecessor-version":[{"id":56131,"href":"https:\/\/agendaparaguay.com\/v2\/wp-json\/wp\/v2\/posts\/56130\/revisions\/56131"}],"wp:featuredmedia":[{"embeddable":true,"href":"https:\/\/agendaparaguay.com\/v2\/wp-json\/wp\/v2\/media\/42655"}],"wp:attachment":[{"href":"https:\/\/agendaparaguay.com\/v2\/wp-json\/wp\/v2\/media?parent=56130"}],"wp:term":[{"taxonomy":"category","embeddable":true,"href":"https:\/\/agendaparaguay.com\/v2\/wp-json\/wp\/v2\/categories?post=56130"},{"taxonomy":"post_tag","embeddable":true,"href":"https:\/\/agendaparaguay.com\/v2\/wp-json\/wp\/v2\/tags?post=56130"}],"curies":[{"name":"wp","href":"https:\/\/api.w.org\/{rel}","templated":true}]}}