{"id":56389,"date":"2023-07-21T08:00:22","date_gmt":"2023-07-21T12:00:22","guid":{"rendered":"https:\/\/agendaparaguay.com\/v2\/?p=56389"},"modified":"2023-07-21T09:45:37","modified_gmt":"2023-07-21T13:45:37","slug":"conaderna-pide-informes-sobre-relleno-sanitario-en-encarnacion","status":"publish","type":"post","link":"https:\/\/agendaparaguay.com\/v2\/2023\/07\/21\/conaderna-pide-informes-sobre-relleno-sanitario-en-encarnacion\/","title":{"rendered":"Conaderna pide informes sobre relleno sanitario en Encarnaci\u00f3n"},"content":{"rendered":"<p style=\"text-align: justify;\">El titular de la Comisi\u00f3n Nacional de Defensa de los Recursos Naturales (CONADERNA), senador Juan Afara junto con la senadora Noelia Cabrera, presentaron un Proyecto de Resoluci\u00f3n donde solicitan informe al Ministerio del Ambiente y Desarrollo Sostenible (MADES), Entidad Binacional Yacyret\u00e1 (EBY) y al Municipio de Encarnaci\u00f3n, sobre la situaci\u00f3n por la que atraviesa el relleno sanitario ubicado en el referido distrito del departamento de Itap\u00faa.<!--more--><\/p>\n<p style=\"text-align: justify;\">El pedido surge a partir de denuncias formuladas por la Contralor\u00eda ciudadana del mencionado municipio que en la v\u00edspera plante\u00f3 denuncias en la c\u00e1mara alta sobre \u00abda\u00f1os ecol\u00f3gicos\u00bb provocados por el municipio, por la contaminaci\u00f3n en el proceso de tratamiento del relleno sanitario.<\/p>\n<p style=\"text-align: justify;\">Los legisladores solicitan mayor informaci\u00f3n a las instituciones pertinentes sobre la gran problem\u00e1tica social y ambiental generada por un \u00abdeficiente manejo de los residuos s\u00f3lidos domiciliarios en el Municipio de Encarnaci\u00f3n, el posible da\u00f1o ambiental que genera la disposici\u00f3n inadecuada de los mismos, y el impacto que representa en lo social\u00bb, se\u00f1ala el documento.<\/p>\n<p>El pedido de informe fue aprobado por el pleno del Senado.<\/p>\n","protected":false},"excerpt":{"rendered":"<p>El titular de la Comisi\u00f3n Nacional de Defensa de los Recursos Naturales (CONADERNA), senador Juan Afara junto con la senadora Noelia Cabrera, presentaron un Proyecto de Resoluci\u00f3n donde solicitan informe&hellip; <\/p>\n","protected":false},"author":1,"featured_media":55154,"comment_status":"closed","ping_status":"open","sticky":false,"template":"","format":"standard","meta":{"sfsi_plus_gutenberg_text_before_share":"","sfsi_plus_gutenberg_show_text_before_share":"","sfsi_plus_gutenberg_icon_type":"","sfsi_plus_gutenberg_icon_alignemt":"","sfsi_plus_gutenburg_max_per_row":"","footnotes":"","_jetpack_memberships_contains_paid_content":false,"jetpack_publicize_message":"","jetpack_publicize_feature_enabled":true,"jetpack_social_post_already_shared":true,"jetpack_social_options":{"image_generator_settings":{"template":"highway","enabled":false},"version":2}},"categories":[3],"tags":[],"jetpack_publicize_connections":[],"jetpack_sharing_enabled":true,"jetpack_featured_media_url":"https:\/\/agendaparaguay.com\/v2\/wp-content\/uploads\/2023\/06\/juan_afara_junio.jpg","_links":{"self":[{"href":"https:\/\/agendaparaguay.com\/v2\/wp-json\/wp\/v2\/posts\/56389"}],"collection":[{"href":"https:\/\/agendaparaguay.com\/v2\/wp-json\/wp\/v2\/posts"}],"about":[{"href":"https:\/\/agendaparaguay.com\/v2\/wp-json\/wp\/v2\/types\/post"}],"author":[{"embeddable":true,"href":"https:\/\/agendaparaguay.com\/v2\/wp-json\/wp\/v2\/users\/1"}],"replies":[{"embeddable":true,"href":"https:\/\/agendaparaguay.com\/v2\/wp-json\/wp\/v2\/comments?post=56389"}],"version-history":[{"count":1,"href":"https:\/\/agendaparaguay.com\/v2\/wp-json\/wp\/v2\/posts\/56389\/revisions"}],"predecessor-version":[{"id":56390,"href":"https:\/\/agendaparaguay.com\/v2\/wp-json\/wp\/v2\/posts\/56389\/revisions\/56390"}],"wp:featuredmedia":[{"embeddable":true,"href":"https:\/\/agendaparaguay.com\/v2\/wp-json\/wp\/v2\/media\/55154"}],"wp:attachment":[{"href":"https:\/\/agendaparaguay.com\/v2\/wp-json\/wp\/v2\/media?parent=56389"}],"wp:term":[{"taxonomy":"category","embeddable":true,"href":"https:\/\/agendaparaguay.com\/v2\/wp-json\/wp\/v2\/categories?post=56389"},{"taxonomy":"post_tag","embeddable":true,"href":"https:\/\/agendaparaguay.com\/v2\/wp-json\/wp\/v2\/tags?post=56389"}],"curies":[{"name":"wp","href":"https:\/\/api.w.org\/{rel}","templated":true}]}}