{"id":56391,"date":"2023-07-21T11:10:58","date_gmt":"2023-07-21T15:10:58","guid":{"rendered":"https:\/\/agendaparaguay.com\/v2\/?p=56391"},"modified":"2023-07-21T12:25:05","modified_gmt":"2023-07-21T16:25:05","slug":"diputado-critico-duramente-al-titular-del-jem","status":"publish","type":"post","link":"https:\/\/agendaparaguay.com\/v2\/2023\/07\/21\/diputado-critico-duramente-al-titular-del-jem\/","title":{"rendered":"Diputado critic\u00f3 duramente al titular del JEM"},"content":{"rendered":"<p style=\"text-align: justify;\">El diputado por el Encuentro Nacional, Ra\u00fal Ben\u00edtez critic\u00f3 duramente en contra el titular del Jurado de Enjuiciamiento de Magistrados, Hern\u00e1n David Rivas.<!--more--><\/p>\n<p style=\"text-align: justify;\">El legislador se\u00f1al\u00f3 que m\u00e1s all\u00e1 de la notoria falta de preparaci\u00f3n de Rivas, lo que realmente preocupa es la falta de \u00e9tica y las dudas sobre su integridad.<\/p>\n<p style=\"text-align: justify;\">\u201cEst\u00e1 claro que el servilismo es lo \u00fanico que importa, por encima de la \u00e9tica y la moral\u201d, sentenci\u00f3 el parlamentario.<\/p>\n<p style=\"text-align: justify;\">\n","protected":false},"excerpt":{"rendered":"<p>El diputado por el Encuentro Nacional, Ra\u00fal Ben\u00edtez critic\u00f3 duramente en contra el titular del Jurado de Enjuiciamiento de Magistrados, Hern\u00e1n David Rivas.<\/p>\n","protected":false},"author":1,"featured_media":47720,"comment_status":"closed","ping_status":"open","sticky":false,"template":"","format":"standard","meta":{"sfsi_plus_gutenberg_text_before_share":"","sfsi_plus_gutenberg_show_text_before_share":"","sfsi_plus_gutenberg_icon_type":"","sfsi_plus_gutenberg_icon_alignemt":"","sfsi_plus_gutenburg_max_per_row":"","footnotes":"","_jetpack_memberships_contains_paid_content":false,"jetpack_publicize_message":"","jetpack_publicize_feature_enabled":true,"jetpack_social_post_already_shared":true,"jetpack_social_options":{"image_generator_settings":{"template":"highway","enabled":false},"version":2}},"categories":[4],"tags":[],"jetpack_publicize_connections":[],"jetpack_sharing_enabled":true,"jetpack_featured_media_url":"https:\/\/agendaparaguay.com\/v2\/wp-content\/uploads\/2022\/09\/raul_benitez_kattya_2.jpg","_links":{"self":[{"href":"https:\/\/agendaparaguay.com\/v2\/wp-json\/wp\/v2\/posts\/56391"}],"collection":[{"href":"https:\/\/agendaparaguay.com\/v2\/wp-json\/wp\/v2\/posts"}],"about":[{"href":"https:\/\/agendaparaguay.com\/v2\/wp-json\/wp\/v2\/types\/post"}],"author":[{"embeddable":true,"href":"https:\/\/agendaparaguay.com\/v2\/wp-json\/wp\/v2\/users\/1"}],"replies":[{"embeddable":true,"href":"https:\/\/agendaparaguay.com\/v2\/wp-json\/wp\/v2\/comments?post=56391"}],"version-history":[{"count":1,"href":"https:\/\/agendaparaguay.com\/v2\/wp-json\/wp\/v2\/posts\/56391\/revisions"}],"predecessor-version":[{"id":56392,"href":"https:\/\/agendaparaguay.com\/v2\/wp-json\/wp\/v2\/posts\/56391\/revisions\/56392"}],"wp:featuredmedia":[{"embeddable":true,"href":"https:\/\/agendaparaguay.com\/v2\/wp-json\/wp\/v2\/media\/47720"}],"wp:attachment":[{"href":"https:\/\/agendaparaguay.com\/v2\/wp-json\/wp\/v2\/media?parent=56391"}],"wp:term":[{"taxonomy":"category","embeddable":true,"href":"https:\/\/agendaparaguay.com\/v2\/wp-json\/wp\/v2\/categories?post=56391"},{"taxonomy":"post_tag","embeddable":true,"href":"https:\/\/agendaparaguay.com\/v2\/wp-json\/wp\/v2\/tags?post=56391"}],"curies":[{"name":"wp","href":"https:\/\/api.w.org\/{rel}","templated":true}]}}