{"id":56721,"date":"2023-08-03T11:10:02","date_gmt":"2023-08-03T15:10:02","guid":{"rendered":"https:\/\/agendaparaguay.com\/v2\/?p=56721"},"modified":"2023-08-03T12:38:55","modified_gmt":"2023-08-03T16:38:55","slug":"lo-dicho-por-yamil-esgaib-no-es-posicion-de-honor-colorado","status":"publish","type":"post","link":"https:\/\/agendaparaguay.com\/v2\/2023\/08\/03\/lo-dicho-por-yamil-esgaib-no-es-posicion-de-honor-colorado\/","title":{"rendered":"\u00abLo dicho por Yamil Esgaib no es posici\u00f3n de Honor Colorado\u00bb"},"content":{"rendered":"<p style=\"text-align: justify;\">El presidente del Congreso, Silvio Ovelar se refiri\u00f3 a las amenazas vertidas por el diputado Yamil Esgaib al Fiscal General del Estado sobre su permanencia o no en el cargo, en el marco de la investigaci\u00f3n en torno a la denuncia presentada por el expresidente Horacio Cartes, a trav\u00e9s de su abogado Pedro Ovelar.<!--more--><\/p>\n<p style=\"text-align: justify;\">En este contexto, Ovelar dijo que lo dicho por Esgaib no es la posici\u00f3n de Honor Honor Colorado, sino apenas una opini\u00f3n del legislador.<\/p>\n<p style=\"text-align: justify;\">Agreg\u00f3 que el diputado no integra el Comando Nacional, por lo que cualquier opini\u00f3n de vierta es de car\u00e1cter personal.<\/p>\n","protected":false},"excerpt":{"rendered":"<p>El presidente del Congreso, Silvio Ovelar se refiri\u00f3 a las amenazas vertidas por el diputado Yamil Esgaib al Fiscal General del Estado sobre su permanencia o no en el cargo,&hellip; <\/p>\n","protected":false},"author":1,"featured_media":56450,"comment_status":"closed","ping_status":"open","sticky":false,"template":"","format":"standard","meta":{"sfsi_plus_gutenberg_text_before_share":"","sfsi_plus_gutenberg_show_text_before_share":"","sfsi_plus_gutenberg_icon_type":"","sfsi_plus_gutenberg_icon_alignemt":"","sfsi_plus_gutenburg_max_per_row":"","footnotes":"","_jetpack_memberships_contains_paid_content":false,"jetpack_publicize_message":"","jetpack_publicize_feature_enabled":true,"jetpack_social_post_already_shared":true,"jetpack_social_options":{"image_generator_settings":{"template":"highway","enabled":false},"version":2}},"categories":[5],"tags":[],"jetpack_publicize_connections":[],"jetpack_sharing_enabled":true,"jetpack_featured_media_url":"https:\/\/agendaparaguay.com\/v2\/wp-content\/uploads\/2023\/07\/beto_ovelar_julio.jpg","_links":{"self":[{"href":"https:\/\/agendaparaguay.com\/v2\/wp-json\/wp\/v2\/posts\/56721"}],"collection":[{"href":"https:\/\/agendaparaguay.com\/v2\/wp-json\/wp\/v2\/posts"}],"about":[{"href":"https:\/\/agendaparaguay.com\/v2\/wp-json\/wp\/v2\/types\/post"}],"author":[{"embeddable":true,"href":"https:\/\/agendaparaguay.com\/v2\/wp-json\/wp\/v2\/users\/1"}],"replies":[{"embeddable":true,"href":"https:\/\/agendaparaguay.com\/v2\/wp-json\/wp\/v2\/comments?post=56721"}],"version-history":[{"count":2,"href":"https:\/\/agendaparaguay.com\/v2\/wp-json\/wp\/v2\/posts\/56721\/revisions"}],"predecessor-version":[{"id":56723,"href":"https:\/\/agendaparaguay.com\/v2\/wp-json\/wp\/v2\/posts\/56721\/revisions\/56723"}],"wp:featuredmedia":[{"embeddable":true,"href":"https:\/\/agendaparaguay.com\/v2\/wp-json\/wp\/v2\/media\/56450"}],"wp:attachment":[{"href":"https:\/\/agendaparaguay.com\/v2\/wp-json\/wp\/v2\/media?parent=56721"}],"wp:term":[{"taxonomy":"category","embeddable":true,"href":"https:\/\/agendaparaguay.com\/v2\/wp-json\/wp\/v2\/categories?post=56721"},{"taxonomy":"post_tag","embeddable":true,"href":"https:\/\/agendaparaguay.com\/v2\/wp-json\/wp\/v2\/tags?post=56721"}],"curies":[{"name":"wp","href":"https:\/\/api.w.org\/{rel}","templated":true}]}}