{"id":56758,"date":"2023-08-04T10:50:57","date_gmt":"2023-08-04T14:50:57","guid":{"rendered":"https:\/\/agendaparaguay.com\/v2\/?p=56758"},"modified":"2023-08-04T11:51:50","modified_gmt":"2023-08-04T15:51:50","slug":"eeuu-cancelo-la-visa-al-diputado-walter-harms-y-familia","status":"publish","type":"post","link":"https:\/\/agendaparaguay.com\/v2\/2023\/08\/04\/eeuu-cancelo-la-visa-al-diputado-walter-harms-y-familia\/","title":{"rendered":"EEUU cancel\u00f3 la visa al diputado Walter Harms y familia"},"content":{"rendered":"<p style=\"text-align: justify;\">El diputado colorado Walter Harms confirm\u00f3 este viernes que el gobierno de Estados Unidos le inform\u00f3 sobre la cancelaci\u00f3n de su visa, al igual que de los dem\u00e1s miembros de su familia.<!--more--><\/p>\n<p style=\"text-align: justify;\">El legislador agreg\u00f3 que cree que es a consecuencia de las cr\u00edticas vertidas en contra de las \u00abdeclaraciones\u00bb anunciadas en contra del expresidente Horacio Cartes como las dem\u00e1s designaciones anunciadas por el gobierno norteamericano, a trav\u00e9s de su embajador, Marc Otsfield.<\/p>\n","protected":false},"excerpt":{"rendered":"<p>El diputado colorado Walter Harms confirm\u00f3 este viernes que el gobierno de Estados Unidos le inform\u00f3 sobre la cancelaci\u00f3n de su visa, al igual que de los dem\u00e1s miembros de&hellip; <\/p>\n","protected":false},"author":1,"featured_media":5008,"comment_status":"closed","ping_status":"open","sticky":false,"template":"","format":"standard","meta":{"sfsi_plus_gutenberg_text_before_share":"","sfsi_plus_gutenberg_show_text_before_share":"","sfsi_plus_gutenberg_icon_type":"","sfsi_plus_gutenberg_icon_alignemt":"","sfsi_plus_gutenburg_max_per_row":"","footnotes":"","_jetpack_memberships_contains_paid_content":false,"jetpack_publicize_message":"","jetpack_publicize_feature_enabled":true,"jetpack_social_post_already_shared":true,"jetpack_social_options":{"image_generator_settings":{"template":"highway","enabled":false},"version":2}},"categories":[2],"tags":[],"jetpack_publicize_connections":[],"jetpack_sharing_enabled":true,"jetpack_featured_media_url":"https:\/\/agendaparaguay.com\/v2\/wp-content\/uploads\/2019\/02\/Dip.WalterHarms.jpg","_links":{"self":[{"href":"https:\/\/agendaparaguay.com\/v2\/wp-json\/wp\/v2\/posts\/56758"}],"collection":[{"href":"https:\/\/agendaparaguay.com\/v2\/wp-json\/wp\/v2\/posts"}],"about":[{"href":"https:\/\/agendaparaguay.com\/v2\/wp-json\/wp\/v2\/types\/post"}],"author":[{"embeddable":true,"href":"https:\/\/agendaparaguay.com\/v2\/wp-json\/wp\/v2\/users\/1"}],"replies":[{"embeddable":true,"href":"https:\/\/agendaparaguay.com\/v2\/wp-json\/wp\/v2\/comments?post=56758"}],"version-history":[{"count":1,"href":"https:\/\/agendaparaguay.com\/v2\/wp-json\/wp\/v2\/posts\/56758\/revisions"}],"predecessor-version":[{"id":56759,"href":"https:\/\/agendaparaguay.com\/v2\/wp-json\/wp\/v2\/posts\/56758\/revisions\/56759"}],"wp:featuredmedia":[{"embeddable":true,"href":"https:\/\/agendaparaguay.com\/v2\/wp-json\/wp\/v2\/media\/5008"}],"wp:attachment":[{"href":"https:\/\/agendaparaguay.com\/v2\/wp-json\/wp\/v2\/media?parent=56758"}],"wp:term":[{"taxonomy":"category","embeddable":true,"href":"https:\/\/agendaparaguay.com\/v2\/wp-json\/wp\/v2\/categories?post=56758"},{"taxonomy":"post_tag","embeddable":true,"href":"https:\/\/agendaparaguay.com\/v2\/wp-json\/wp\/v2\/tags?post=56758"}],"curies":[{"name":"wp","href":"https:\/\/api.w.org\/{rel}","templated":true}]}}