{"id":56763,"date":"2023-08-04T11:20:19","date_gmt":"2023-08-04T15:20:19","guid":{"rendered":"https:\/\/agendaparaguay.com\/v2\/?p=56763"},"modified":"2023-08-04T16:43:16","modified_gmt":"2023-08-04T20:43:16","slug":"maria-teresa-baran-sera-ministra-de-salud","status":"publish","type":"post","link":"https:\/\/agendaparaguay.com\/v2\/2023\/08\/04\/maria-teresa-baran-sera-ministra-de-salud\/","title":{"rendered":"Mar\u00eda Teresa Bar\u00e1n ser\u00e1 ministra de Salud"},"content":{"rendered":"<p style=\"text-align: justify;\">La Dra. Mar\u00eda Teresa Bar\u00e1n ser\u00e1 la ministra de Salud P\u00fablica del pr\u00f3ximo gobierno, anunci\u00f3 el presidente electo de la rep\u00fablica, Santiago Pe\u00f1a.<!--more--><\/p>\n<p style=\"text-align: justify;\">Su designaci\u00f3n se confirma tras la remoci\u00f3n anticipada del Dr. Felipe Gonz\u00e1lez quien fue designado inicialmente por Pe\u00f1a, pero luego de sus pol\u00e9micas declaraciones fue dejado sin efecto por el futuro mandatario<\/p>\n","protected":false},"excerpt":{"rendered":"<p>La Dra. Mar\u00eda Teresa Bar\u00e1n ser\u00e1 la ministra de Salud P\u00fablica del pr\u00f3ximo gobierno, anunci\u00f3 el presidente electo de la rep\u00fablica, Santiago Pe\u00f1a.<\/p>\n","protected":false},"author":1,"featured_media":56765,"comment_status":"closed","ping_status":"open","sticky":false,"template":"","format":"standard","meta":{"sfsi_plus_gutenberg_text_before_share":"","sfsi_plus_gutenberg_show_text_before_share":"","sfsi_plus_gutenberg_icon_type":"","sfsi_plus_gutenberg_icon_alignemt":"","sfsi_plus_gutenburg_max_per_row":"","footnotes":"","_jetpack_memberships_contains_paid_content":false,"jetpack_publicize_message":"","jetpack_publicize_feature_enabled":true,"jetpack_social_post_already_shared":true,"jetpack_social_options":{"image_generator_settings":{"template":"highway","enabled":false},"version":2}},"categories":[2],"tags":[],"jetpack_publicize_connections":[],"jetpack_sharing_enabled":true,"jetpack_featured_media_url":"https:\/\/agendaparaguay.com\/v2\/wp-content\/uploads\/2023\/08\/maria-teresa-baran.jpg","_links":{"self":[{"href":"https:\/\/agendaparaguay.com\/v2\/wp-json\/wp\/v2\/posts\/56763"}],"collection":[{"href":"https:\/\/agendaparaguay.com\/v2\/wp-json\/wp\/v2\/posts"}],"about":[{"href":"https:\/\/agendaparaguay.com\/v2\/wp-json\/wp\/v2\/types\/post"}],"author":[{"embeddable":true,"href":"https:\/\/agendaparaguay.com\/v2\/wp-json\/wp\/v2\/users\/1"}],"replies":[{"embeddable":true,"href":"https:\/\/agendaparaguay.com\/v2\/wp-json\/wp\/v2\/comments?post=56763"}],"version-history":[{"count":1,"href":"https:\/\/agendaparaguay.com\/v2\/wp-json\/wp\/v2\/posts\/56763\/revisions"}],"predecessor-version":[{"id":56764,"href":"https:\/\/agendaparaguay.com\/v2\/wp-json\/wp\/v2\/posts\/56763\/revisions\/56764"}],"wp:featuredmedia":[{"embeddable":true,"href":"https:\/\/agendaparaguay.com\/v2\/wp-json\/wp\/v2\/media\/56765"}],"wp:attachment":[{"href":"https:\/\/agendaparaguay.com\/v2\/wp-json\/wp\/v2\/media?parent=56763"}],"wp:term":[{"taxonomy":"category","embeddable":true,"href":"https:\/\/agendaparaguay.com\/v2\/wp-json\/wp\/v2\/categories?post=56763"},{"taxonomy":"post_tag","embeddable":true,"href":"https:\/\/agendaparaguay.com\/v2\/wp-json\/wp\/v2\/tags?post=56763"}],"curies":[{"name":"wp","href":"https:\/\/api.w.org\/{rel}","templated":true}]}}