{"id":56835,"date":"2023-08-08T14:58:28","date_gmt":"2023-08-08T18:58:28","guid":{"rendered":"https:\/\/agendaparaguay.com\/v2\/?p=56835"},"modified":"2023-08-08T16:53:26","modified_gmt":"2023-08-08T20:53:26","slug":"la-crisis-politica-en-el-plra-ira-pasando-segun-senador","status":"publish","type":"post","link":"https:\/\/agendaparaguay.com\/v2\/2023\/08\/08\/la-crisis-politica-en-el-plra-ira-pasando-segun-senador\/","title":{"rendered":"La crisis pol\u00edtica en el PLRA \u201cir\u00e1 pasando\u201d seg\u00fan senador"},"content":{"rendered":"<p style=\"text-align: justify;\">El senador liberal Sergio Rojas se\u00f1al\u00f3 que el Dr. Hugo Fleitas es el presidente electo del Partido Liberal por decisi\u00f3n de la Convenci\u00f3n que es la m\u00e1xima autoridad partidaria y agreg\u00f3 que como tal tiene las prerrogativas para conducir los destinos del partido los pr\u00f3ximos a\u00f1os.<!--more--><\/p>\n<p style=\"text-align: justify;\">Agreg\u00f3 que la falta de legalidad mencionada por el entorno de Efra\u00edn Alegre carece de sustento y mencionar que el cartismo tuvo algo que ver en la ca\u00edda de Alegre es \u00abpuro show medi\u00e1tico\u00bb, seg\u00fan el legislador.<\/p>\n<p style=\"text-align: justify;\">Finalmente, dijo que la crisis pol\u00edtica ir\u00e1 mejorando con el di\u00e1logo despu\u00e9s de la pasada decisi\u00f3n de la convenci\u00f3n partidaria.<\/p>\n","protected":false},"excerpt":{"rendered":"<p>El senador liberal Sergio Rojas se\u00f1al\u00f3 que el Dr. Hugo Fleitas es el presidente electo del Partido Liberal por decisi\u00f3n de la Convenci\u00f3n que es la m\u00e1xima autoridad partidaria y&hellip; <\/p>\n","protected":false},"author":1,"featured_media":32809,"comment_status":"closed","ping_status":"open","sticky":false,"template":"","format":"standard","meta":{"sfsi_plus_gutenberg_text_before_share":"","sfsi_plus_gutenberg_show_text_before_share":"","sfsi_plus_gutenberg_icon_type":"","sfsi_plus_gutenberg_icon_alignemt":"","sfsi_plus_gutenburg_max_per_row":"","footnotes":"","_jetpack_memberships_contains_paid_content":false,"jetpack_publicize_message":"","jetpack_publicize_feature_enabled":true,"jetpack_social_post_already_shared":true,"jetpack_social_options":{"image_generator_settings":{"template":"highway","enabled":false},"version":2}},"categories":[2],"tags":[],"jetpack_publicize_connections":[],"jetpack_sharing_enabled":true,"jetpack_featured_media_url":"https:\/\/agendaparaguay.com\/v2\/wp-content\/uploads\/2021\/05\/diputado_sergio_rojas.jpg","_links":{"self":[{"href":"https:\/\/agendaparaguay.com\/v2\/wp-json\/wp\/v2\/posts\/56835"}],"collection":[{"href":"https:\/\/agendaparaguay.com\/v2\/wp-json\/wp\/v2\/posts"}],"about":[{"href":"https:\/\/agendaparaguay.com\/v2\/wp-json\/wp\/v2\/types\/post"}],"author":[{"embeddable":true,"href":"https:\/\/agendaparaguay.com\/v2\/wp-json\/wp\/v2\/users\/1"}],"replies":[{"embeddable":true,"href":"https:\/\/agendaparaguay.com\/v2\/wp-json\/wp\/v2\/comments?post=56835"}],"version-history":[{"count":1,"href":"https:\/\/agendaparaguay.com\/v2\/wp-json\/wp\/v2\/posts\/56835\/revisions"}],"predecessor-version":[{"id":56836,"href":"https:\/\/agendaparaguay.com\/v2\/wp-json\/wp\/v2\/posts\/56835\/revisions\/56836"}],"wp:featuredmedia":[{"embeddable":true,"href":"https:\/\/agendaparaguay.com\/v2\/wp-json\/wp\/v2\/media\/32809"}],"wp:attachment":[{"href":"https:\/\/agendaparaguay.com\/v2\/wp-json\/wp\/v2\/media?parent=56835"}],"wp:term":[{"taxonomy":"category","embeddable":true,"href":"https:\/\/agendaparaguay.com\/v2\/wp-json\/wp\/v2\/categories?post=56835"},{"taxonomy":"post_tag","embeddable":true,"href":"https:\/\/agendaparaguay.com\/v2\/wp-json\/wp\/v2\/tags?post=56835"}],"curies":[{"name":"wp","href":"https:\/\/api.w.org\/{rel}","templated":true}]}}