{"id":56907,"date":"2023-08-10T11:14:42","date_gmt":"2023-08-10T15:14:42","guid":{"rendered":"https:\/\/agendaparaguay.com\/v2\/?p=56907"},"modified":"2023-08-10T14:38:04","modified_gmt":"2023-08-10T18:38:04","slug":"de-lilian-a-senadores-lean-el-contenido-y-no-fabriquen-fantasmas","status":"publish","type":"post","link":"https:\/\/agendaparaguay.com\/v2\/2023\/08\/10\/de-lilian-a-senadores-lean-el-contenido-y-no-fabriquen-fantasmas\/","title":{"rendered":"De Lilian a Senadores: \u00abLean el contenido y no fabriquen fantasmas\u00bb"},"content":{"rendered":"<p style=\"text-align: justify;\">La senadora Lilian Samaniego inst\u00f3 a sus colegas senadores a leer el contenido del convenio firmado por Paraguay con la Uni\u00f3n Europea en materia de cooperaci\u00f3n para la transformaci\u00f3n Educativa y no \u00abcrear fantasmas\u00bb, atendiendo la posici\u00f3n asumida ayer por una gran mayor\u00eda de la c\u00e1mara baja.<!--more--><\/p>\n<p style=\"text-align: justify;\">\u00abQuiero ratificar mi posici\u00f3n personal de la necesidad de mantener el acuerdo con la Uni\u00f3n Europea\u00bb, resalt\u00f3 y agreg\u00f3 que Paraguay es un pa\u00eds serio y se debe mantener los acuerdos y convenios.<\/p>\n<p style=\"text-align: justify;\">\u00abAl hacer esto, estamos demostrando que no somos un pa\u00eds serio y si ratificamos en el Senado daremos una mala se\u00f1al a la comunidad internacional y las organizaciones\u00bb, agreg\u00f3.<\/p>\n<p style=\"text-align: justify;\">Dijo que dos tercios ya se ejecut\u00f3 y solo queda un tercio por ejecutar y explic\u00f3 que no solo afecta al Ministerio de Educaci\u00f3n sino adem\u00e1s a la Universidad Nacional de Asunci\u00f3n.<\/p>\n<p>\u00abLean por favor el contenido y no fabriquen fantasmas porque no existen\u00bb, sentenci\u00f3<\/p>\n","protected":false},"excerpt":{"rendered":"<p>La senadora Lilian Samaniego inst\u00f3 a sus colegas senadores a leer el contenido del convenio firmado por Paraguay con la Uni\u00f3n Europea en materia de cooperaci\u00f3n para la transformaci\u00f3n Educativa&hellip; <\/p>\n","protected":false},"author":1,"featured_media":56280,"comment_status":"closed","ping_status":"open","sticky":false,"template":"","format":"standard","meta":{"sfsi_plus_gutenberg_text_before_share":"","sfsi_plus_gutenberg_show_text_before_share":"","sfsi_plus_gutenberg_icon_type":"","sfsi_plus_gutenberg_icon_alignemt":"","sfsi_plus_gutenburg_max_per_row":"","footnotes":"","_jetpack_memberships_contains_paid_content":false,"jetpack_publicize_message":"","jetpack_publicize_feature_enabled":true,"jetpack_social_post_already_shared":true,"jetpack_social_options":{"image_generator_settings":{"template":"highway","enabled":false},"version":2}},"categories":[3],"tags":[],"jetpack_publicize_connections":[],"jetpack_sharing_enabled":true,"jetpack_featured_media_url":"https:\/\/agendaparaguay.com\/v2\/wp-content\/uploads\/2023\/07\/lilian_samaniego_4.jpg","_links":{"self":[{"href":"https:\/\/agendaparaguay.com\/v2\/wp-json\/wp\/v2\/posts\/56907"}],"collection":[{"href":"https:\/\/agendaparaguay.com\/v2\/wp-json\/wp\/v2\/posts"}],"about":[{"href":"https:\/\/agendaparaguay.com\/v2\/wp-json\/wp\/v2\/types\/post"}],"author":[{"embeddable":true,"href":"https:\/\/agendaparaguay.com\/v2\/wp-json\/wp\/v2\/users\/1"}],"replies":[{"embeddable":true,"href":"https:\/\/agendaparaguay.com\/v2\/wp-json\/wp\/v2\/comments?post=56907"}],"version-history":[{"count":1,"href":"https:\/\/agendaparaguay.com\/v2\/wp-json\/wp\/v2\/posts\/56907\/revisions"}],"predecessor-version":[{"id":56908,"href":"https:\/\/agendaparaguay.com\/v2\/wp-json\/wp\/v2\/posts\/56907\/revisions\/56908"}],"wp:featuredmedia":[{"embeddable":true,"href":"https:\/\/agendaparaguay.com\/v2\/wp-json\/wp\/v2\/media\/56280"}],"wp:attachment":[{"href":"https:\/\/agendaparaguay.com\/v2\/wp-json\/wp\/v2\/media?parent=56907"}],"wp:term":[{"taxonomy":"category","embeddable":true,"href":"https:\/\/agendaparaguay.com\/v2\/wp-json\/wp\/v2\/categories?post=56907"},{"taxonomy":"post_tag","embeddable":true,"href":"https:\/\/agendaparaguay.com\/v2\/wp-json\/wp\/v2\/tags?post=56907"}],"curies":[{"name":"wp","href":"https:\/\/api.w.org\/{rel}","templated":true}]}}