{"id":57184,"date":"2023-08-22T10:30:49","date_gmt":"2023-08-22T14:30:49","guid":{"rendered":"https:\/\/agendaparaguay.com\/v2\/?p=57184"},"modified":"2023-08-22T14:33:41","modified_gmt":"2023-08-22T18:33:41","slug":"mandatario-lamenta-fallecimiento-del-arzobispo-emerito-de-asuncion","status":"publish","type":"post","link":"https:\/\/agendaparaguay.com\/v2\/2023\/08\/22\/mandatario-lamenta-fallecimiento-del-arzobispo-emerito-de-asuncion\/","title":{"rendered":"Mandatario lamenta fallecimiento del arzobispo em\u00e9rito de Asunci\u00f3n"},"content":{"rendered":"<p style=\"text-align: justify;\">El presidente de la Rep\u00fablica, Santiago Pe\u00f1a, lament\u00f3 el fallecimiento del arzobispo em\u00e9rito de Asunci\u00f3n, monse\u00f1or Pastor Cuquejo, quien expir\u00f3 a los 83 a\u00f1os de edad en un sanatorio capitalino este martes.<!--more--><\/p>\n<p style=\"text-align: justify;\">A trav\u00e9s de sus redes sociales, el mandatario expres\u00f3 que \u201crecibimos con gran pesar la noticia del fallecimiento del Monse\u00f1or Pastor Cuquejo, Arzobispo Em\u00e9rito de Asunci\u00f3n\u201d.<\/p>\n<p style=\"text-align: justify;\">Asimismo extendi\u00f3 sus condolencias en este triste momento a los miembros de la Iglesia Cat\u00f3lica, a sus familiares y amigos, ante esta irreparable p\u00e9rdida.<\/p>\n<p style=\"text-align: justify;\">De acuerdo a fuentes eclesi\u00e1sticas, el religioso oriundo del departamento de San Pedro, estaba aquejado por una larga enfermedad, que finalmente le cobr\u00f3 la vida a los 83 a\u00f1os de edad.<br \/>\nResaltan legado y compromiso a la iglesia<\/p>\n<p style=\"text-align: justify;\">A trav\u00e9s de un comunicado difundido esta ma\u00f1ana, los Obispos del Paraguay lamentaron profundamente el fallecimiento de monse\u00f1or Eustaquio Pastor Cuquejo Verga, arzobispo metropolitano em\u00e9rito de Asunci\u00f3n.<\/p>\n<p style=\"text-align: justify;\">\u201cExtendemos nuestras m\u00e1s sinceras condolencias a la Arquidi\u00f3cesis de la Sant\u00edsima Asunci\u00f3n, su familia, a la comunidad religiosa y a todos aquellos que lo conocieron y admiraron\u201d, expresa el escrito.<\/p>\n<p style=\"text-align: justify;\">Su legado de compromiso y servicio a la iglesia perdurar\u00e1 como inspiraci\u00f3n para todos nosotros. Nuestros pensamientos y oraciones est\u00e1n con todos los afectados por esta p\u00e9rdida. Descanse en paz, monse\u00f1or Eustaquio Pastor Cuquejo Verga, siempre ser\u00e1 recordado con gratitud y aprecio, se\u00f1ala finalmente el comunicado. Fuente: Ip<\/p>\n","protected":false},"excerpt":{"rendered":"<p>El presidente de la Rep\u00fablica, Santiago Pe\u00f1a, lament\u00f3 el fallecimiento del arzobispo em\u00e9rito de Asunci\u00f3n, monse\u00f1or Pastor Cuquejo, quien expir\u00f3 a los 83 a\u00f1os de edad en un sanatorio capitalino&hellip; <\/p>\n","protected":false},"author":1,"featured_media":57185,"comment_status":"closed","ping_status":"open","sticky":false,"template":"","format":"standard","meta":{"sfsi_plus_gutenberg_text_before_share":"","sfsi_plus_gutenberg_show_text_before_share":"","sfsi_plus_gutenberg_icon_type":"","sfsi_plus_gutenberg_icon_alignemt":"","sfsi_plus_gutenburg_max_per_row":"","footnotes":"","_jetpack_memberships_contains_paid_content":false,"jetpack_publicize_message":"","jetpack_publicize_feature_enabled":true,"jetpack_social_post_already_shared":true,"jetpack_social_options":{"image_generator_settings":{"template":"highway","enabled":false},"version":2}},"categories":[2],"tags":[],"jetpack_publicize_connections":[],"jetpack_sharing_enabled":true,"jetpack_featured_media_url":"https:\/\/agendaparaguay.com\/v2\/wp-content\/uploads\/2023\/08\/pastor-cuquejo-arzobispo.png","_links":{"self":[{"href":"https:\/\/agendaparaguay.com\/v2\/wp-json\/wp\/v2\/posts\/57184"}],"collection":[{"href":"https:\/\/agendaparaguay.com\/v2\/wp-json\/wp\/v2\/posts"}],"about":[{"href":"https:\/\/agendaparaguay.com\/v2\/wp-json\/wp\/v2\/types\/post"}],"author":[{"embeddable":true,"href":"https:\/\/agendaparaguay.com\/v2\/wp-json\/wp\/v2\/users\/1"}],"replies":[{"embeddable":true,"href":"https:\/\/agendaparaguay.com\/v2\/wp-json\/wp\/v2\/comments?post=57184"}],"version-history":[{"count":1,"href":"https:\/\/agendaparaguay.com\/v2\/wp-json\/wp\/v2\/posts\/57184\/revisions"}],"predecessor-version":[{"id":57186,"href":"https:\/\/agendaparaguay.com\/v2\/wp-json\/wp\/v2\/posts\/57184\/revisions\/57186"}],"wp:featuredmedia":[{"embeddable":true,"href":"https:\/\/agendaparaguay.com\/v2\/wp-json\/wp\/v2\/media\/57185"}],"wp:attachment":[{"href":"https:\/\/agendaparaguay.com\/v2\/wp-json\/wp\/v2\/media?parent=57184"}],"wp:term":[{"taxonomy":"category","embeddable":true,"href":"https:\/\/agendaparaguay.com\/v2\/wp-json\/wp\/v2\/categories?post=57184"},{"taxonomy":"post_tag","embeddable":true,"href":"https:\/\/agendaparaguay.com\/v2\/wp-json\/wp\/v2\/tags?post=57184"}],"curies":[{"name":"wp","href":"https:\/\/api.w.org\/{rel}","templated":true}]}}