{"id":57503,"date":"2023-09-04T21:00:48","date_gmt":"2023-09-05T01:00:48","guid":{"rendered":"https:\/\/agendaparaguay.com\/v2\/?p=57503"},"modified":"2023-09-04T21:18:51","modified_gmt":"2023-09-05T01:18:51","slug":"santiago-pena-plantea-generar-100-000-en-el-sector-de-maquilas","status":"publish","type":"post","link":"https:\/\/agendaparaguay.com\/v2\/2023\/09\/04\/santiago-pena-plantea-generar-100-000-en-el-sector-de-maquilas\/","title":{"rendered":"Santiago Pe\u00f1a plantea generar 100.000 en el sector de maquilas"},"content":{"rendered":"<p style=\"text-align: justify;\">El presidente de la Rep\u00fablica, Santiago Pe\u00f1a, se\u00f1al\u00f3 el objetivo de su gobierno de generar 100.000 empleos en el sector de la industria maquiladora, en su discurso durante la apertura de la s\u00e9ptima edici\u00f3n de Expo Maquila, en Alto Paran\u00e1.<!--more--><\/p>\n<p style=\"text-align: justify;\">\u00abLa maquila tiene un enorme potencial y nos animamos a conseguir m\u00e1s de 100.000 empleos en el sector de la maquila, nos animamos a so\u00f1ar que el Paraguay alcance ese potencial industrial\u00bb, dijo el presidente en su alocuci\u00f3n.<\/p>\n<p style=\"text-align: justify;\">Pe\u00f1a destac\u00f3 que el Paraguay es hoy en d\u00eda la econom\u00eda m\u00e1s estable de Am\u00e9rica Latina, y que en los pr\u00f3ximos cinco a\u00f1os seguir\u00e1 teniendo estabilidad econ\u00f3mica y pol\u00edtica. \u00abYo estoy convencido que vamos a tener a\u00f1os de estabilidad pol\u00edtica, que es lo que necesita el empresario para venir a invertir\u00bb, dijo.<\/p>\n<p style=\"text-align: justify;\">Afirm\u00f3 que si bien son varios los rubros que pueden seguir creciendo en el sector de la maquila, el objetivo de su gobierno es \u00abgenerar una revoluci\u00f3n donde nuestro \u00fanico objetivo sea generar empleo\u00bb.<\/p>\n<p style=\"text-align: justify;\">\u00abComo presidente yo no estoy interesado en cobrar impuesto, ni beneficiar a una industria, como presidente de la Rep\u00fablica yo estoy interesado en generar empleo en la Rep\u00fablica del Paraguay, porque el empleo es la mejor social que puede tener un pa\u00eds\u00bb, dijo el presidente Pe\u00f1a.<\/p>\n<p style=\"text-align: justify;\">Remarc\u00f3 que durante los pr\u00f3ximos cinco a\u00f1os no se plantear\u00e1n cambios tributarios y que brindar\u00e1 un gran apoyo a todas las industrias que privilegien la generaci\u00f3n de empleo en el Paraguay.<\/p>\n<p style=\"text-align: justify;\">Por su parte, la presidenta de la C\u00e1mara de Empresas Maquiladoras del Paraguay, Karina Daher, destac\u00f3 que el sector actualmente genera 25.000 empleos en forma directa y un total de 60.000 por efecto derrame.<\/p>\n<p style=\"text-align: justify;\">De todos los puestos laborales el 68% corresponde a mujeres, muchas de ellas en situaci\u00f3n de vulnerablilidad, destac\u00f3.<\/p>\n<p style=\"text-align: justify;\">La industria maquiladora logr\u00f3 en 2022 un r\u00e9cord de 1.036 millones de d\u00f3lares de exportaci\u00f3n y representa actualmente el 10,4% del total de las exportaciones del pa\u00eds. Fuente: Ip<\/p>\n","protected":false},"excerpt":{"rendered":"<p>El presidente de la Rep\u00fablica, Santiago Pe\u00f1a, se\u00f1al\u00f3 el objetivo de su gobierno de generar 100.000 empleos en el sector de la industria maquiladora, en su discurso durante la apertura&hellip; <\/p>\n","protected":false},"author":1,"featured_media":57504,"comment_status":"closed","ping_status":"open","sticky":false,"template":"","format":"standard","meta":{"sfsi_plus_gutenberg_text_before_share":"","sfsi_plus_gutenberg_show_text_before_share":"","sfsi_plus_gutenberg_icon_type":"","sfsi_plus_gutenberg_icon_alignemt":"","sfsi_plus_gutenburg_max_per_row":"","footnotes":"","_jetpack_memberships_contains_paid_content":false,"jetpack_publicize_message":"","jetpack_publicize_feature_enabled":true,"jetpack_social_post_already_shared":true,"jetpack_social_options":{"image_generator_settings":{"template":"highway","enabled":false},"version":2}},"categories":[2],"tags":[],"jetpack_publicize_connections":[],"jetpack_sharing_enabled":true,"jetpack_featured_media_url":"https:\/\/agendaparaguay.com\/v2\/wp-content\/uploads\/2023\/09\/santi_pena_maquila.jpg","_links":{"self":[{"href":"https:\/\/agendaparaguay.com\/v2\/wp-json\/wp\/v2\/posts\/57503"}],"collection":[{"href":"https:\/\/agendaparaguay.com\/v2\/wp-json\/wp\/v2\/posts"}],"about":[{"href":"https:\/\/agendaparaguay.com\/v2\/wp-json\/wp\/v2\/types\/post"}],"author":[{"embeddable":true,"href":"https:\/\/agendaparaguay.com\/v2\/wp-json\/wp\/v2\/users\/1"}],"replies":[{"embeddable":true,"href":"https:\/\/agendaparaguay.com\/v2\/wp-json\/wp\/v2\/comments?post=57503"}],"version-history":[{"count":1,"href":"https:\/\/agendaparaguay.com\/v2\/wp-json\/wp\/v2\/posts\/57503\/revisions"}],"predecessor-version":[{"id":57505,"href":"https:\/\/agendaparaguay.com\/v2\/wp-json\/wp\/v2\/posts\/57503\/revisions\/57505"}],"wp:featuredmedia":[{"embeddable":true,"href":"https:\/\/agendaparaguay.com\/v2\/wp-json\/wp\/v2\/media\/57504"}],"wp:attachment":[{"href":"https:\/\/agendaparaguay.com\/v2\/wp-json\/wp\/v2\/media?parent=57503"}],"wp:term":[{"taxonomy":"category","embeddable":true,"href":"https:\/\/agendaparaguay.com\/v2\/wp-json\/wp\/v2\/categories?post=57503"},{"taxonomy":"post_tag","embeddable":true,"href":"https:\/\/agendaparaguay.com\/v2\/wp-json\/wp\/v2\/tags?post=57503"}],"curies":[{"name":"wp","href":"https:\/\/api.w.org\/{rel}","templated":true}]}}