{"id":57518,"date":"2023-09-05T15:07:22","date_gmt":"2023-09-05T19:07:22","guid":{"rendered":"https:\/\/agendaparaguay.com\/v2\/?p=57518"},"modified":"2023-09-05T15:19:59","modified_gmt":"2023-09-05T19:19:59","slug":"detienen-a-joven-indigena-con-paquetes-de-cocaina-en-bella-vista-norte","status":"publish","type":"post","link":"https:\/\/agendaparaguay.com\/v2\/2023\/09\/05\/detienen-a-joven-indigena-con-paquetes-de-cocaina-en-bella-vista-norte\/","title":{"rendered":"Detienen a joven ind\u00edgena con paquetes de coca\u00edna en Bella Vista Norte"},"content":{"rendered":"<p style=\"text-align: justify;\">Personal del Departamento Regional N\u00b0 10 de la SENAD en Bella Vista Norte, Departamento de Amambay, procedi\u00f3 a la detenci\u00f3n de una persona que transportaba paquetes de coca\u00edna, presumiblemente con destino a la ciudad brasile\u00f1a de Bela Vista.<!--more--><\/p>\n<p style=\"text-align: justify;\">La comitiva detuvo a Alexis Recalde Mendoza, paraguayo, de 26 a\u00f1os, perteneciente a una comunidad ind\u00edgena, quien lleg\u00f3 en un \u00f3mnibus hasta la terminal de \u00f3mnibus de Bella Vista Norte. De all\u00ed pretend\u00eda pasar a territorio brasile\u00f1o con la carga il\u00edcita, seg\u00fan datos recabados.<\/p>\n<p style=\"text-align: justify;\">El hombre ten\u00eda en su poder un bolso que conten\u00eda 3 paquetes de coca\u00edna con un peso de 3 kilos 84 gramos, valuado en nuestro pa\u00eds en aproximadamente 15 mil d\u00f3lares.<\/p>\n<p>El fiscal Celso Morales dispuso la detenci\u00f3n del sujeto e incautaci\u00f3n de las evidencias que fueron remitidas a Pedro Juan Caballero.<\/p>\n","protected":false},"excerpt":{"rendered":"<p>Personal del Departamento Regional N\u00b0 10 de la SENAD en Bella Vista Norte, Departamento de Amambay, procedi\u00f3 a la detenci\u00f3n de una persona que transportaba paquetes de coca\u00edna, presumiblemente con&hellip; <\/p>\n","protected":false},"author":1,"featured_media":57519,"comment_status":"closed","ping_status":"open","sticky":false,"template":"","format":"standard","meta":{"sfsi_plus_gutenberg_text_before_share":"","sfsi_plus_gutenberg_show_text_before_share":"","sfsi_plus_gutenberg_icon_type":"","sfsi_plus_gutenberg_icon_alignemt":"","sfsi_plus_gutenburg_max_per_row":"","footnotes":"","_jetpack_memberships_contains_paid_content":false,"jetpack_publicize_message":"","jetpack_publicize_feature_enabled":true,"jetpack_social_post_already_shared":true,"jetpack_social_options":{"image_generator_settings":{"template":"highway","enabled":false},"version":2}},"categories":[5],"tags":[],"jetpack_publicize_connections":[],"jetpack_sharing_enabled":true,"jetpack_featured_media_url":"https:\/\/agendaparaguay.com\/v2\/wp-content\/uploads\/2023\/09\/indigena_detenido_cocaina.jpg","_links":{"self":[{"href":"https:\/\/agendaparaguay.com\/v2\/wp-json\/wp\/v2\/posts\/57518"}],"collection":[{"href":"https:\/\/agendaparaguay.com\/v2\/wp-json\/wp\/v2\/posts"}],"about":[{"href":"https:\/\/agendaparaguay.com\/v2\/wp-json\/wp\/v2\/types\/post"}],"author":[{"embeddable":true,"href":"https:\/\/agendaparaguay.com\/v2\/wp-json\/wp\/v2\/users\/1"}],"replies":[{"embeddable":true,"href":"https:\/\/agendaparaguay.com\/v2\/wp-json\/wp\/v2\/comments?post=57518"}],"version-history":[{"count":1,"href":"https:\/\/agendaparaguay.com\/v2\/wp-json\/wp\/v2\/posts\/57518\/revisions"}],"predecessor-version":[{"id":57520,"href":"https:\/\/agendaparaguay.com\/v2\/wp-json\/wp\/v2\/posts\/57518\/revisions\/57520"}],"wp:featuredmedia":[{"embeddable":true,"href":"https:\/\/agendaparaguay.com\/v2\/wp-json\/wp\/v2\/media\/57519"}],"wp:attachment":[{"href":"https:\/\/agendaparaguay.com\/v2\/wp-json\/wp\/v2\/media?parent=57518"}],"wp:term":[{"taxonomy":"category","embeddable":true,"href":"https:\/\/agendaparaguay.com\/v2\/wp-json\/wp\/v2\/categories?post=57518"},{"taxonomy":"post_tag","embeddable":true,"href":"https:\/\/agendaparaguay.com\/v2\/wp-json\/wp\/v2\/tags?post=57518"}],"curies":[{"name":"wp","href":"https:\/\/api.w.org\/{rel}","templated":true}]}}