{"id":57630,"date":"2023-09-11T06:57:59","date_gmt":"2023-09-11T10:57:59","guid":{"rendered":"https:\/\/agendaparaguay.com\/v2\/?p=57630"},"modified":"2023-09-11T06:58:00","modified_gmt":"2023-09-11T10:58:00","slug":"apunalan-a-hermano-de-cucho-cabana-en-tacumbu","status":"publish","type":"post","link":"https:\/\/agendaparaguay.com\/v2\/2023\/09\/11\/apunalan-a-hermano-de-cucho-cabana-en-tacumbu\/","title":{"rendered":"Apu\u00f1alan a hermano de \u00abCucho\u00bb Caba\u00f1a en Tacumb\u00fa"},"content":{"rendered":"<p style=\"text-align: justify;\">Se trata de Marcelo \u201cCapi\u201d Caba\u00f1a, hermano de Reinaldo Javier \u201cCucho\u201d Caba\u00f1a quien fue apu\u00f1alado anoche en la Penitenciaria de Tacumb\u00fa.<!--more--><\/p>\n<p style=\"text-align: justify;\">Autoridades penitenciarias informaron que Caba\u00f1a \u00abfue derivado al Hospital de Trauma y sometido a una intervenci\u00f3n quir\u00fargica\u00bb.<\/p>\n<p style=\"text-align: justify;\">Fuentes cercanas a la familia indican que \u00absu estado es grave\u00bb. El hecho ocurri\u00f3 despu\u00e9s de la medianoche.<\/p>\n","protected":false},"excerpt":{"rendered":"<p>Se trata de Marcelo \u201cCapi\u201d Caba\u00f1a, hermano de Reinaldo Javier \u201cCucho\u201d Caba\u00f1a quien fue apu\u00f1alado anoche en la Penitenciaria de Tacumb\u00fa.<\/p>\n","protected":false},"author":1,"featured_media":29839,"comment_status":"closed","ping_status":"open","sticky":false,"template":"","format":"standard","meta":{"sfsi_plus_gutenberg_text_before_share":"","sfsi_plus_gutenberg_show_text_before_share":"","sfsi_plus_gutenberg_icon_type":"","sfsi_plus_gutenberg_icon_alignemt":"","sfsi_plus_gutenburg_max_per_row":"","footnotes":"","_jetpack_memberships_contains_paid_content":false,"jetpack_publicize_message":"","jetpack_publicize_feature_enabled":true,"jetpack_social_post_already_shared":true,"jetpack_social_options":{"image_generator_settings":{"template":"highway","enabled":false},"version":2}},"categories":[5],"tags":[],"jetpack_publicize_connections":[],"jetpack_sharing_enabled":true,"jetpack_featured_media_url":"https:\/\/agendaparaguay.com\/v2\/wp-content\/uploads\/2021\/02\/tacumbu_penal.jpg","_links":{"self":[{"href":"https:\/\/agendaparaguay.com\/v2\/wp-json\/wp\/v2\/posts\/57630"}],"collection":[{"href":"https:\/\/agendaparaguay.com\/v2\/wp-json\/wp\/v2\/posts"}],"about":[{"href":"https:\/\/agendaparaguay.com\/v2\/wp-json\/wp\/v2\/types\/post"}],"author":[{"embeddable":true,"href":"https:\/\/agendaparaguay.com\/v2\/wp-json\/wp\/v2\/users\/1"}],"replies":[{"embeddable":true,"href":"https:\/\/agendaparaguay.com\/v2\/wp-json\/wp\/v2\/comments?post=57630"}],"version-history":[{"count":1,"href":"https:\/\/agendaparaguay.com\/v2\/wp-json\/wp\/v2\/posts\/57630\/revisions"}],"predecessor-version":[{"id":57631,"href":"https:\/\/agendaparaguay.com\/v2\/wp-json\/wp\/v2\/posts\/57630\/revisions\/57631"}],"wp:featuredmedia":[{"embeddable":true,"href":"https:\/\/agendaparaguay.com\/v2\/wp-json\/wp\/v2\/media\/29839"}],"wp:attachment":[{"href":"https:\/\/agendaparaguay.com\/v2\/wp-json\/wp\/v2\/media?parent=57630"}],"wp:term":[{"taxonomy":"category","embeddable":true,"href":"https:\/\/agendaparaguay.com\/v2\/wp-json\/wp\/v2\/categories?post=57630"},{"taxonomy":"post_tag","embeddable":true,"href":"https:\/\/agendaparaguay.com\/v2\/wp-json\/wp\/v2\/tags?post=57630"}],"curies":[{"name":"wp","href":"https:\/\/api.w.org\/{rel}","templated":true}]}}