{"id":57927,"date":"2023-09-21T20:14:40","date_gmt":"2023-09-22T00:14:40","guid":{"rendered":"https:\/\/agendaparaguay.com\/v2\/?p=57927"},"modified":"2023-09-22T10:37:12","modified_gmt":"2023-09-22T14:37:12","slug":"caso-ips-fiscalia-general-abre-investigacion","status":"publish","type":"post","link":"https:\/\/agendaparaguay.com\/v2\/2023\/09\/21\/caso-ips-fiscalia-general-abre-investigacion\/","title":{"rendered":"Caso IPS: Fiscal\u00eda General abre investigaci\u00f3n"},"content":{"rendered":"<p style=\"text-align: justify;\">El Fiscal General del Estado, Emiliano Rol\u00f3n Fern\u00e1ndez dispuso este jueves la apertura de una causa penal a los efectos de investigar los hechos punibles denunciados por el titular del Instituto de Previsi\u00f3n Social, IPS Jorge Britez, por presunta corrupci\u00f3n cometida por la administraci\u00f3n anterior.<!--more--><\/p>\n<p style=\"text-align: justify;\">Adem\u00e1s, se investigar\u00e1 la denuncia planteada por la senadora Kattya Gonz\u00e1lez y el diputado Ra\u00fal Ben\u00edtez, de la Bancada de Encuentro Nacional del Congreso Nacional.<\/p>\n<p style=\"text-align: justify;\">EL Ministerio P\u00fablico cuenta adem\u00e1s con antecedentes remitidos por la Contralor\u00eda General de la Rep\u00fablica, tras la denuncia presentada por el Contralor Camilo Ben\u00edtez.<\/p>\n<p style=\"text-align: justify;\">Rol\u00f3n Fern\u00e1ndez conformo un equipo de fiscales anticorrupci\u00f3n, con Luis Pi\u00f1\u00e1nez, Jorge Arce, Diego Arzamendia, Rodrigo Estigarribia y N\u00e9stor Coronel<\/p>\n","protected":false},"excerpt":{"rendered":"<p>El Fiscal General del Estado, Emiliano Rol\u00f3n Fern\u00e1ndez dispuso este jueves la apertura de una causa penal a los efectos de investigar los hechos punibles denunciados por el titular del&hellip; <\/p>\n","protected":false},"author":1,"featured_media":12021,"comment_status":"closed","ping_status":"open","sticky":false,"template":"","format":"standard","meta":{"sfsi_plus_gutenberg_text_before_share":"","sfsi_plus_gutenberg_show_text_before_share":"","sfsi_plus_gutenberg_icon_type":"","sfsi_plus_gutenberg_icon_alignemt":"","sfsi_plus_gutenburg_max_per_row":"","footnotes":"","_jetpack_memberships_contains_paid_content":false,"jetpack_publicize_message":"","jetpack_publicize_feature_enabled":true,"jetpack_social_post_already_shared":true,"jetpack_social_options":{"image_generator_settings":{"template":"highway","enabled":false},"version":2}},"categories":[5],"tags":[],"jetpack_publicize_connections":[],"jetpack_sharing_enabled":true,"jetpack_featured_media_url":"https:\/\/agendaparaguay.com\/v2\/wp-content\/uploads\/2019\/08\/ips_dr_vicente_bataglia.jpg","_links":{"self":[{"href":"https:\/\/agendaparaguay.com\/v2\/wp-json\/wp\/v2\/posts\/57927"}],"collection":[{"href":"https:\/\/agendaparaguay.com\/v2\/wp-json\/wp\/v2\/posts"}],"about":[{"href":"https:\/\/agendaparaguay.com\/v2\/wp-json\/wp\/v2\/types\/post"}],"author":[{"embeddable":true,"href":"https:\/\/agendaparaguay.com\/v2\/wp-json\/wp\/v2\/users\/1"}],"replies":[{"embeddable":true,"href":"https:\/\/agendaparaguay.com\/v2\/wp-json\/wp\/v2\/comments?post=57927"}],"version-history":[{"count":1,"href":"https:\/\/agendaparaguay.com\/v2\/wp-json\/wp\/v2\/posts\/57927\/revisions"}],"predecessor-version":[{"id":57928,"href":"https:\/\/agendaparaguay.com\/v2\/wp-json\/wp\/v2\/posts\/57927\/revisions\/57928"}],"wp:featuredmedia":[{"embeddable":true,"href":"https:\/\/agendaparaguay.com\/v2\/wp-json\/wp\/v2\/media\/12021"}],"wp:attachment":[{"href":"https:\/\/agendaparaguay.com\/v2\/wp-json\/wp\/v2\/media?parent=57927"}],"wp:term":[{"taxonomy":"category","embeddable":true,"href":"https:\/\/agendaparaguay.com\/v2\/wp-json\/wp\/v2\/categories?post=57927"},{"taxonomy":"post_tag","embeddable":true,"href":"https:\/\/agendaparaguay.com\/v2\/wp-json\/wp\/v2\/tags?post=57927"}],"curies":[{"name":"wp","href":"https:\/\/api.w.org\/{rel}","templated":true}]}}