{"id":58284,"date":"2023-10-09T11:30:40","date_gmt":"2023-10-09T14:30:40","guid":{"rendered":"https:\/\/agendaparaguay.com\/v2\/?p=58284"},"modified":"2023-10-09T13:55:11","modified_gmt":"2023-10-09T16:55:11","slug":"cancilleria-articula-mecanismos-para-la-evacuacion-segura-de-paraguayos-en-israel","status":"publish","type":"post","link":"https:\/\/agendaparaguay.com\/v2\/2023\/10\/09\/cancilleria-articula-mecanismos-para-la-evacuacion-segura-de-paraguayos-en-israel\/","title":{"rendered":"Canciller\u00eda articula mecanismos para la evacuaci\u00f3n segura de paraguayos en Israel"},"content":{"rendered":"<p style=\"text-align: justify;\">El canciller nacional, Rub\u00e9n Ram\u00edrez inform\u00f3 que est\u00e1n arbitrando los medios para evacuar de una manera ordenada y segura a todos los compatriotas que se encuentran en Israel. Asegur\u00f3 que la prioridad del Gobierno \u201ces la protecci\u00f3n de la vida de los ciudadanos paraguayos\u201d.<!--more--><\/p>\n<p style=\"text-align: justify;\">As\u00ed lo declar\u00f3 este lunes tras la reuni\u00f3n que mantuvo con l\u00edderes de bancadas del Congreso Nacional.<\/p>\n<p style=\"text-align: justify;\">Se\u00f1al\u00f3 que la prioridad es la protecci\u00f3n de la vida de los ciudadanos paraguayos y en ese sentido, explic\u00f3 que han recibido informaci\u00f3n sobre dos desaparecidos. No podemos confirmar o denegar su deceso hasta tener informaci\u00f3n del gobierno de Israel, subray\u00f3.<\/p>\n<p style=\"text-align: justify;\">Asimismo refiri\u00f3 que \u201cla ansiedad por abandonar el territorio, la comprendemos, pero para nosotros es la prioridad que los ciudadanos paraguayos est\u00e9n protegidos. Estamos arbitrando los medios para evacuar de una manera ordenada y segura a todos nuestros compatriotas\u00bb, inform\u00f3.<\/p>\n<p style=\"text-align: justify;\">Requerido sobre la queja de un paraguayo que supuestamente no fue atendido por la Embajada, mencion\u00f3 que esta persona pretend\u00eda salir a las 03:00 de la ma\u00f1ana, cuando las autoridades israel\u00edes recomendaban refugiarse. Reiter\u00f3 que la prioridad de la embajada es la protecci\u00f3n de los paraguayos.<\/p>\n<p style=\"text-align: justify;\">De acuerdo a la informaci\u00f3n manejada por el Ministerio de Relaciones Exteriores son unos 160 los ciudadanos que residen en Israel. Indic\u00f3 que la tarea se aboca ahora en priorizar a quienes quieren evacuar el pa\u00eds, determinar de qu\u00e9 manera est\u00e1n a fin de atender las necesidades de todos ellos.<\/p>\n<p style=\"text-align: justify;\">Admiti\u00f3 que hay pedidos de repatriaci\u00f3n y trabajan en ello. \u201cTenemos tres planes, una es salir a trav\u00e9s de Jordania, antes debemos tener la seguridad que nos otorgue el gobierno israel\u00ed para permitir esa salida, luego existen vuelos que ya est\u00e1n previstos para turistas y tambi\u00e9n debemos atender aquellos que est\u00e1n sin vuelos para lo cual activamos el mecanismo Mercosur que nos permitir\u00e1 embarcar en aviones de pa\u00edses vecinos como Brasil, con quienes ya hemos acordado\u201d, detall\u00f3 finalmente. Fuente: Ip<\/p>\n","protected":false},"excerpt":{"rendered":"<p>El canciller nacional, Rub\u00e9n Ram\u00edrez inform\u00f3 que est\u00e1n arbitrando los medios para evacuar de una manera ordenada y segura a todos los compatriotas que se encuentran en Israel. Asegur\u00f3 que&hellip; <\/p>\n","protected":false},"author":1,"featured_media":38253,"comment_status":"closed","ping_status":"open","sticky":false,"template":"","format":"standard","meta":{"sfsi_plus_gutenberg_text_before_share":"","sfsi_plus_gutenberg_show_text_before_share":"","sfsi_plus_gutenberg_icon_type":"","sfsi_plus_gutenberg_icon_alignemt":"","sfsi_plus_gutenburg_max_per_row":"","footnotes":"","_jetpack_memberships_contains_paid_content":false,"jetpack_publicize_message":"","jetpack_publicize_feature_enabled":true,"jetpack_social_post_already_shared":true,"jetpack_social_options":{"image_generator_settings":{"template":"highway","enabled":false},"version":2}},"categories":[2],"tags":[],"jetpack_publicize_connections":[],"jetpack_sharing_enabled":true,"jetpack_featured_media_url":"https:\/\/agendaparaguay.com\/v2\/wp-content\/uploads\/2021\/11\/ruben_ramirez_lezcano.jpg","_links":{"self":[{"href":"https:\/\/agendaparaguay.com\/v2\/wp-json\/wp\/v2\/posts\/58284"}],"collection":[{"href":"https:\/\/agendaparaguay.com\/v2\/wp-json\/wp\/v2\/posts"}],"about":[{"href":"https:\/\/agendaparaguay.com\/v2\/wp-json\/wp\/v2\/types\/post"}],"author":[{"embeddable":true,"href":"https:\/\/agendaparaguay.com\/v2\/wp-json\/wp\/v2\/users\/1"}],"replies":[{"embeddable":true,"href":"https:\/\/agendaparaguay.com\/v2\/wp-json\/wp\/v2\/comments?post=58284"}],"version-history":[{"count":1,"href":"https:\/\/agendaparaguay.com\/v2\/wp-json\/wp\/v2\/posts\/58284\/revisions"}],"predecessor-version":[{"id":58285,"href":"https:\/\/agendaparaguay.com\/v2\/wp-json\/wp\/v2\/posts\/58284\/revisions\/58285"}],"wp:featuredmedia":[{"embeddable":true,"href":"https:\/\/agendaparaguay.com\/v2\/wp-json\/wp\/v2\/media\/38253"}],"wp:attachment":[{"href":"https:\/\/agendaparaguay.com\/v2\/wp-json\/wp\/v2\/media?parent=58284"}],"wp:term":[{"taxonomy":"category","embeddable":true,"href":"https:\/\/agendaparaguay.com\/v2\/wp-json\/wp\/v2\/categories?post=58284"},{"taxonomy":"post_tag","embeddable":true,"href":"https:\/\/agendaparaguay.com\/v2\/wp-json\/wp\/v2\/tags?post=58284"}],"curies":[{"name":"wp","href":"https:\/\/api.w.org\/{rel}","templated":true}]}}