{"id":58357,"date":"2023-10-11T11:26:12","date_gmt":"2023-10-11T14:26:12","guid":{"rendered":"https:\/\/agendaparaguay.com\/v2\/?p=58357"},"modified":"2023-10-11T11:26:12","modified_gmt":"2023-10-11T14:26:12","slug":"directora-de-derechos-etnicos-se-constituyo-como-mediadora-en-comunidad-indigena","status":"publish","type":"post","link":"https:\/\/agendaparaguay.com\/v2\/2023\/10\/11\/directora-de-derechos-etnicos-se-constituyo-como-mediadora-en-comunidad-indigena\/","title":{"rendered":"Directora de Derechos \u00c9tnicos se constituy\u00f3 como mediadora en comunidad ind\u00edgena"},"content":{"rendered":"<p>&nbsp;<\/p>\n<p style=\"text-align: justify;\">La directora de Derechos \u00c9tnicos, Abg. Dora Penayo, como representante del Ministerio P\u00fablico, junto a la jefa de la Regi\u00f3n Oriental Abg. Vilma Acosta, se constituyeron en la zona conocida como Zanja Pykuku, distrito de Ytakyry departamento de Alto Paran\u00e1, en la comunidad ind\u00edgena Tekoha Kavuzu, a fin de realizar una mediaci\u00f3n con sus miembros.<!--more--><\/p>\n<p style=\"text-align: justify;\">Dicha constituci\u00f3n fue en el marco de la causa fiscal sobre presunta invasi\u00f3n de inmueble ajeno. La mediaci\u00f3n se realiz\u00f3 en apoyo a la gesti\u00f3n del agente fiscal \u00c9dgar Miguel Ben\u00edtez de Minga Por\u00e3, a los efectos de evitar enfrentamiento entre los grupos.<\/p>\n<p style=\"text-align: justify;\">Participaron adem\u00e1s, los directores de DD.HH del INDI, Judith Rol\u00f3n y del Ministerio del Interior, Hugo Samaniego.<\/p>\n","protected":false},"excerpt":{"rendered":"<p>&nbsp; La directora de Derechos \u00c9tnicos, Abg. Dora Penayo, como representante del Ministerio P\u00fablico, junto a la jefa de la Regi\u00f3n Oriental Abg. Vilma Acosta, se constituyeron en la zona&hellip; <\/p>\n","protected":false},"author":1,"featured_media":58358,"comment_status":"closed","ping_status":"open","sticky":false,"template":"","format":"standard","meta":{"sfsi_plus_gutenberg_text_before_share":"","sfsi_plus_gutenberg_show_text_before_share":"","sfsi_plus_gutenberg_icon_type":"","sfsi_plus_gutenberg_icon_alignemt":"","sfsi_plus_gutenburg_max_per_row":"","footnotes":"","_jetpack_memberships_contains_paid_content":false,"jetpack_publicize_message":"","jetpack_publicize_feature_enabled":true,"jetpack_social_post_already_shared":true,"jetpack_social_options":{"image_generator_settings":{"template":"highway","enabled":false},"version":2}},"categories":[5],"tags":[],"jetpack_publicize_connections":[],"jetpack_sharing_enabled":true,"jetpack_featured_media_url":"https:\/\/agendaparaguay.com\/v2\/wp-content\/uploads\/2023\/10\/fiscalia_comunidad_indigena.jpg","_links":{"self":[{"href":"https:\/\/agendaparaguay.com\/v2\/wp-json\/wp\/v2\/posts\/58357"}],"collection":[{"href":"https:\/\/agendaparaguay.com\/v2\/wp-json\/wp\/v2\/posts"}],"about":[{"href":"https:\/\/agendaparaguay.com\/v2\/wp-json\/wp\/v2\/types\/post"}],"author":[{"embeddable":true,"href":"https:\/\/agendaparaguay.com\/v2\/wp-json\/wp\/v2\/users\/1"}],"replies":[{"embeddable":true,"href":"https:\/\/agendaparaguay.com\/v2\/wp-json\/wp\/v2\/comments?post=58357"}],"version-history":[{"count":1,"href":"https:\/\/agendaparaguay.com\/v2\/wp-json\/wp\/v2\/posts\/58357\/revisions"}],"predecessor-version":[{"id":58359,"href":"https:\/\/agendaparaguay.com\/v2\/wp-json\/wp\/v2\/posts\/58357\/revisions\/58359"}],"wp:featuredmedia":[{"embeddable":true,"href":"https:\/\/agendaparaguay.com\/v2\/wp-json\/wp\/v2\/media\/58358"}],"wp:attachment":[{"href":"https:\/\/agendaparaguay.com\/v2\/wp-json\/wp\/v2\/media?parent=58357"}],"wp:term":[{"taxonomy":"category","embeddable":true,"href":"https:\/\/agendaparaguay.com\/v2\/wp-json\/wp\/v2\/categories?post=58357"},{"taxonomy":"post_tag","embeddable":true,"href":"https:\/\/agendaparaguay.com\/v2\/wp-json\/wp\/v2\/tags?post=58357"}],"curies":[{"name":"wp","href":"https:\/\/api.w.org\/{rel}","templated":true}]}}