{"id":58371,"date":"2023-10-11T15:21:50","date_gmt":"2023-10-11T18:21:50","guid":{"rendered":"https:\/\/agendaparaguay.com\/v2\/?p=58371"},"modified":"2023-10-11T15:34:54","modified_gmt":"2023-10-11T18:34:54","slug":"presidente-promete-dejar-un-mejor-sistema-penitenciario-que-el-recibido","status":"publish","type":"post","link":"https:\/\/agendaparaguay.com\/v2\/2023\/10\/11\/presidente-promete-dejar-un-mejor-sistema-penitenciario-que-el-recibido\/","title":{"rendered":"Presidente promete dejar un mejor sistema penitenciario que el recibido"},"content":{"rendered":"<p style=\"text-align: justify;\">El presidente Santiago Pe\u00f1a expres\u00f3 hoy en conferencia de prensa que promete dejar en los 5 a\u00f1os de gesti\u00f3n, \u201cun mejor sistema penitenciario\u201d y para el efecto, plantea un abordaje amplio para resolver una situaci\u00f3n de larga data.<!--more--><\/p>\n<p style=\"text-align: justify;\">As\u00ed lo declar\u00f3 este mi\u00e9rcoles en Mburuvicha R\u00f3ga tras la reuni\u00f3n que mantuvo con su equipo de seguridad. \u201cEstoy seguro que en estos cinco a\u00f1os vamos a dejar un mejor sistema penitenciario de lo que estamos encontrando porque estamos enfrentando el problema, no lo estamos escondiendo, afirm\u00f3 Pe\u00f1a.<\/p>\n<p style=\"text-align: justify;\">Mencion\u00f3 que no se puede permitir que los ciudadanos que cumplen la ley est\u00e9n secuestrados por aquellos que no lo hacen, \u201cme reh\u00faso a trabajar sobre eso\u201d, subray\u00f3.<\/p>\n<p style=\"text-align: justify;\">En ese mismo sentido, admiti\u00f3 que es pr\u00e1cticamente imposible de evitar los enfrentamientos dentro de las penitenciar\u00edas, atendiendo a que el camino correcto lleva a eso.<\/p>\n<p style=\"text-align: justify;\">\u201cLo que s\u00ed puedo asegurar es que la respuesta por parte del Gobierno del Paraguay ser\u00e1 una respuesta firme, disponemos de los recursos. Ayer de manera r\u00e1pida se movilizaron cerca de 3.500 entre oficiales y militares, no quisi\u00e9ramos utilizarlos pero debemos dar la seguridad a todos\u201d, a\u00f1adi\u00f3.<\/p>\n<p style=\"text-align: justify;\">En otro momento, el mandatario tambi\u00e9n destac\u00f3 la necesidad de que las penitenciar\u00edas sean espacios donde las personas privadas de libertad puedan encontrar un nuevo camino de reinserci\u00f3n social.<\/p>\n<p style=\"text-align: justify;\">\u201cEstamos abordando esta problem\u00e1tica con diferentes campos de acci\u00f3n y equipos que est\u00e1n trabajando. Todo esto dej\u00f3 de ser competencia solamente del Ministerio de Justicia, abarca al Estado\u201d, refiri\u00f3.<\/p>\n<p style=\"text-align: justify;\">Por otro lado, el titular del Poder Ejecutivo ratific\u00f3 el apoyo al Ministerio de Justicia y todo el equipo y en ese contexto, asegur\u00f3 que su Gobierno est\u00e1 decidido a superar problem\u00e1tica penitenciaria.<\/p>\n<p style=\"text-align: justify;\">Finalmente aleg\u00f3 que mientras no se resuelvan los problemas de fondo se seguir\u00e1n sorteando situaciones complejas, no obstante remarc\u00f3 la voluntad de hacer frente a los flagelos que vive el pa\u00eds. Fuente: Ip<\/p>\n","protected":false},"excerpt":{"rendered":"<p>El presidente Santiago Pe\u00f1a expres\u00f3 hoy en conferencia de prensa que promete dejar en los 5 a\u00f1os de gesti\u00f3n, \u201cun mejor sistema penitenciario\u201d y para el efecto, plantea un abordaje&hellip; <\/p>\n","protected":false},"author":1,"featured_media":58372,"comment_status":"closed","ping_status":"open","sticky":false,"template":"","format":"standard","meta":{"sfsi_plus_gutenberg_text_before_share":"","sfsi_plus_gutenberg_show_text_before_share":"","sfsi_plus_gutenberg_icon_type":"","sfsi_plus_gutenberg_icon_alignemt":"","sfsi_plus_gutenburg_max_per_row":"","footnotes":"","_jetpack_memberships_contains_paid_content":false,"jetpack_publicize_message":"","jetpack_publicize_feature_enabled":true,"jetpack_social_post_already_shared":true,"jetpack_social_options":{"image_generator_settings":{"template":"highway","enabled":false},"version":2}},"categories":[2],"tags":[],"jetpack_publicize_connections":[],"jetpack_sharing_enabled":true,"jetpack_featured_media_url":"https:\/\/agendaparaguay.com\/v2\/wp-content\/uploads\/2023\/10\/santiago_pena_5.jpg","_links":{"self":[{"href":"https:\/\/agendaparaguay.com\/v2\/wp-json\/wp\/v2\/posts\/58371"}],"collection":[{"href":"https:\/\/agendaparaguay.com\/v2\/wp-json\/wp\/v2\/posts"}],"about":[{"href":"https:\/\/agendaparaguay.com\/v2\/wp-json\/wp\/v2\/types\/post"}],"author":[{"embeddable":true,"href":"https:\/\/agendaparaguay.com\/v2\/wp-json\/wp\/v2\/users\/1"}],"replies":[{"embeddable":true,"href":"https:\/\/agendaparaguay.com\/v2\/wp-json\/wp\/v2\/comments?post=58371"}],"version-history":[{"count":1,"href":"https:\/\/agendaparaguay.com\/v2\/wp-json\/wp\/v2\/posts\/58371\/revisions"}],"predecessor-version":[{"id":58373,"href":"https:\/\/agendaparaguay.com\/v2\/wp-json\/wp\/v2\/posts\/58371\/revisions\/58373"}],"wp:featuredmedia":[{"embeddable":true,"href":"https:\/\/agendaparaguay.com\/v2\/wp-json\/wp\/v2\/media\/58372"}],"wp:attachment":[{"href":"https:\/\/agendaparaguay.com\/v2\/wp-json\/wp\/v2\/media?parent=58371"}],"wp:term":[{"taxonomy":"category","embeddable":true,"href":"https:\/\/agendaparaguay.com\/v2\/wp-json\/wp\/v2\/categories?post=58371"},{"taxonomy":"post_tag","embeddable":true,"href":"https:\/\/agendaparaguay.com\/v2\/wp-json\/wp\/v2\/tags?post=58371"}],"curies":[{"name":"wp","href":"https:\/\/api.w.org\/{rel}","templated":true}]}}