{"id":58378,"date":"2023-10-11T16:00:28","date_gmt":"2023-10-11T19:00:28","guid":{"rendered":"https:\/\/agendaparaguay.com\/v2\/?p=58378"},"modified":"2023-10-12T07:49:54","modified_gmt":"2023-10-12T10:49:54","slug":"diputados-condenan-ataques-sufridos-por-el-estado-de-israel","status":"publish","type":"post","link":"https:\/\/agendaparaguay.com\/v2\/2023\/10\/11\/diputados-condenan-ataques-sufridos-por-el-estado-de-israel\/","title":{"rendered":"Diputados condenan ataques sufridos por el Estado de Israel"},"content":{"rendered":"<p style=\"text-align: justify;\">Durante el desarrollo de la sesi\u00f3n de la c\u00e1mara de Diputados, sobre tablas el presidente de la C\u00e1mara de Diputados, Ra\u00fal Latorre present\u00f3 un proyecto de declaraci\u00f3n \u201cQue repudia y condena los ataques terroristas sufridos por el Estado de Israel\u201d, por parte del grupo islamista Ham\u00e1s, desde Gaza.<!--more--><\/p>\n<p style=\"text-align: justify;\">El documento fue impulsado conjuntamente con el diputado Rub\u00e9n Rub\u00edn y obtuvo aprobaci\u00f3n un\u00e1nime del plenario de la instituci\u00f3n.<\/p>\n<p style=\"text-align: justify;\">\u201cEl Estado de Israel ha sufrido ataques cobardes, sin precedentes. Hombres, mujeres, ni\u00f1os, fueron asesinados, humillados. Las cifras oficiales dan cuentas de m\u00e1s de tres mil muertos, dos mil heridos y algunos cientos de rehenes que captur\u00f3 Ham\u00e1s y los utiliza como escudos humanos. Paraguay fue un voto fundamental para la creaci\u00f3n del Estado de Israel, con quien tenemos una conexi\u00f3n espiritual. Nuestra propia Constituci\u00f3n Nacional garantiza la defensa de la vida, que en estos momentos es violentada vilmente, ante lo cual impulsamos este proyecto de declaraci\u00f3n que repudia y condena esos ataques\u201d, manifest\u00f3 el titular de Diputados.<\/p>\n<p style=\"text-align: justify;\">El proyecto expresa firme apoyo al gobierno y al pueblo de Israel; y manifiesta el m\u00e1s sentido p\u00e9same por las vidas perdidas en estos ataques.<\/p>\n<p style=\"text-align: justify;\">\u201cDeploramos con la mayor firmeza las acciones terroristas en curso y expresamos nuestra solidaridad con el Estado de Israel y las v\u00edctimas\u201d, refiere.<\/p>\n<p style=\"text-align: justify;\">En la misma l\u00ednea, hace un llamado para que se ponga fin a la violencia y se garantice la protecci\u00f3n de la poblaci\u00f3n civil.<\/p>\n<p style=\"text-align: justify;\">Finalmente, en su alocuci\u00f3n, el legislador Latorre sostuvo que el mundo, de ninguna manera, puede permitir este tipo de acontecimientos, por lo que desde la Rep\u00fablica del Paraguay debe elevarse una voz de repudio y de condena ante lo ocurrido. Fuente: Diputados.<\/p>\n","protected":false},"excerpt":{"rendered":"<p>Durante el desarrollo de la sesi\u00f3n de la c\u00e1mara de Diputados, sobre tablas el presidente de la C\u00e1mara de Diputados, Ra\u00fal Latorre present\u00f3 un proyecto de declaraci\u00f3n \u201cQue repudia y&hellip; <\/p>\n","protected":false},"author":1,"featured_media":58380,"comment_status":"closed","ping_status":"open","sticky":false,"template":"","format":"standard","meta":{"sfsi_plus_gutenberg_text_before_share":"","sfsi_plus_gutenberg_show_text_before_share":"","sfsi_plus_gutenberg_icon_type":"","sfsi_plus_gutenberg_icon_alignemt":"","sfsi_plus_gutenburg_max_per_row":"","footnotes":"","_jetpack_memberships_contains_paid_content":false,"jetpack_publicize_message":"","jetpack_publicize_feature_enabled":true,"jetpack_social_post_already_shared":true,"jetpack_social_options":{"image_generator_settings":{"template":"highway","enabled":false},"version":2}},"categories":[4],"tags":[],"jetpack_publicize_connections":[],"jetpack_sharing_enabled":true,"jetpack_featured_media_url":"https:\/\/agendaparaguay.com\/v2\/wp-content\/uploads\/2023\/10\/raul_latorre_hugo_rubin.jpg","_links":{"self":[{"href":"https:\/\/agendaparaguay.com\/v2\/wp-json\/wp\/v2\/posts\/58378"}],"collection":[{"href":"https:\/\/agendaparaguay.com\/v2\/wp-json\/wp\/v2\/posts"}],"about":[{"href":"https:\/\/agendaparaguay.com\/v2\/wp-json\/wp\/v2\/types\/post"}],"author":[{"embeddable":true,"href":"https:\/\/agendaparaguay.com\/v2\/wp-json\/wp\/v2\/users\/1"}],"replies":[{"embeddable":true,"href":"https:\/\/agendaparaguay.com\/v2\/wp-json\/wp\/v2\/comments?post=58378"}],"version-history":[{"count":1,"href":"https:\/\/agendaparaguay.com\/v2\/wp-json\/wp\/v2\/posts\/58378\/revisions"}],"predecessor-version":[{"id":58381,"href":"https:\/\/agendaparaguay.com\/v2\/wp-json\/wp\/v2\/posts\/58378\/revisions\/58381"}],"wp:featuredmedia":[{"embeddable":true,"href":"https:\/\/agendaparaguay.com\/v2\/wp-json\/wp\/v2\/media\/58380"}],"wp:attachment":[{"href":"https:\/\/agendaparaguay.com\/v2\/wp-json\/wp\/v2\/media?parent=58378"}],"wp:term":[{"taxonomy":"category","embeddable":true,"href":"https:\/\/agendaparaguay.com\/v2\/wp-json\/wp\/v2\/categories?post=58378"},{"taxonomy":"post_tag","embeddable":true,"href":"https:\/\/agendaparaguay.com\/v2\/wp-json\/wp\/v2\/tags?post=58378"}],"curies":[{"name":"wp","href":"https:\/\/api.w.org\/{rel}","templated":true}]}}