{"id":58382,"date":"2023-10-11T17:00:30","date_gmt":"2023-10-11T20:00:30","guid":{"rendered":"https:\/\/agendaparaguay.com\/v2\/?p=58382"},"modified":"2023-10-12T07:51:00","modified_gmt":"2023-10-12T10:51:00","slug":"reinsercion-de-los-internos-es-el-mayor-desafio-del-sistema-penitenciario","status":"publish","type":"post","link":"https:\/\/agendaparaguay.com\/v2\/2023\/10\/11\/reinsercion-de-los-internos-es-el-mayor-desafio-del-sistema-penitenciario\/","title":{"rendered":"\u00abReinserci\u00f3n de los internos es el mayor desaf\u00edo del sistema penitenciario\u00bb"},"content":{"rendered":"<p style=\"text-align: justify;\">El presidente de Diputados, Ra\u00fal Latorre manifest\u00f3 que el verdadero desaf\u00edo para las instituciones del Estado es el empoderamiento de todo lo que ata\u00f1e al sistema penitenciario del pa\u00eds. Fue en respuesta al amotinamiento de internos de la C\u00e1rcel de Tacumb\u00fa, que tomaron como rehenes a varios guardias y al propio director de la penitenciaria.<!--more--><\/p>\n<p style=\"text-align: justify;\">\u201cHay que enfrentar la situaci\u00f3n, para que, finalmente, las c\u00e1rceles no sean solamente lugares de reclusi\u00f3n, sino lugares donde se pueda volver a preparar a las personas para una vida honesta, para una vida de trabajo, a una vida que pueda ser de servicio y de utilidad para la sociedad\u201d, signific\u00f3.<\/p>\n<p style=\"text-align: justify;\">A\u00f1adi\u00f3 que la situaci\u00f3n carcelaria va a mejorar, ostensiblemente, en la medida que puedan utilizarse las nuevas penitenciarias. \u201cEntendemos que hay un gran problema de hacinamiento; m\u00e1s que centros de rehabilitaci\u00f3n, hoy se constituyen en centros de aprendizajes para otras modalidades delincuenciales\u201d, asegur\u00f3.<\/p>\n<p style=\"text-align: justify;\">Consider\u00f3, por otro lado, que no corresponde una renuncia del ministro de Justicia, \u00c1ngel Ram\u00f3n Barchini, y tampoco su interpelaci\u00f3n, por, supuestamente, negarse, a considerar las pretensiones de los amotinados.<\/p>\n<p style=\"text-align: justify;\">Refiri\u00f3 que se activo la Comisi\u00f3n de Crisis, que es una instancia que est\u00e1 reglamentada por ley de la Naci\u00f3n y que esa comisi\u00f3n, por la estructura que tiene, de alguna manera est\u00e1 a cargo del ministro del Interior, seg\u00fan inform\u00f3. Fuente: Diputados<\/p>\n","protected":false},"excerpt":{"rendered":"<p>El presidente de Diputados, Ra\u00fal Latorre manifest\u00f3 que el verdadero desaf\u00edo para las instituciones del Estado es el empoderamiento de todo lo que ata\u00f1e al sistema penitenciario del pa\u00eds. Fue&hellip; <\/p>\n","protected":false},"author":1,"featured_media":57890,"comment_status":"closed","ping_status":"open","sticky":false,"template":"","format":"standard","meta":{"sfsi_plus_gutenberg_text_before_share":"","sfsi_plus_gutenberg_show_text_before_share":"","sfsi_plus_gutenberg_icon_type":"","sfsi_plus_gutenberg_icon_alignemt":"","sfsi_plus_gutenburg_max_per_row":"","footnotes":"","_jetpack_memberships_contains_paid_content":false,"jetpack_publicize_message":"","jetpack_publicize_feature_enabled":true,"jetpack_social_post_already_shared":true,"jetpack_social_options":{"image_generator_settings":{"template":"highway","enabled":false},"version":2}},"categories":[4],"tags":[],"jetpack_publicize_connections":[],"jetpack_sharing_enabled":true,"jetpack_featured_media_url":"https:\/\/agendaparaguay.com\/v2\/wp-content\/uploads\/2023\/09\/raul_latorre_3.jpg","_links":{"self":[{"href":"https:\/\/agendaparaguay.com\/v2\/wp-json\/wp\/v2\/posts\/58382"}],"collection":[{"href":"https:\/\/agendaparaguay.com\/v2\/wp-json\/wp\/v2\/posts"}],"about":[{"href":"https:\/\/agendaparaguay.com\/v2\/wp-json\/wp\/v2\/types\/post"}],"author":[{"embeddable":true,"href":"https:\/\/agendaparaguay.com\/v2\/wp-json\/wp\/v2\/users\/1"}],"replies":[{"embeddable":true,"href":"https:\/\/agendaparaguay.com\/v2\/wp-json\/wp\/v2\/comments?post=58382"}],"version-history":[{"count":1,"href":"https:\/\/agendaparaguay.com\/v2\/wp-json\/wp\/v2\/posts\/58382\/revisions"}],"predecessor-version":[{"id":58383,"href":"https:\/\/agendaparaguay.com\/v2\/wp-json\/wp\/v2\/posts\/58382\/revisions\/58383"}],"wp:featuredmedia":[{"embeddable":true,"href":"https:\/\/agendaparaguay.com\/v2\/wp-json\/wp\/v2\/media\/57890"}],"wp:attachment":[{"href":"https:\/\/agendaparaguay.com\/v2\/wp-json\/wp\/v2\/media?parent=58382"}],"wp:term":[{"taxonomy":"category","embeddable":true,"href":"https:\/\/agendaparaguay.com\/v2\/wp-json\/wp\/v2\/categories?post=58382"},{"taxonomy":"post_tag","embeddable":true,"href":"https:\/\/agendaparaguay.com\/v2\/wp-json\/wp\/v2\/tags?post=58382"}],"curies":[{"name":"wp","href":"https:\/\/api.w.org\/{rel}","templated":true}]}}