{"id":58466,"date":"2023-10-15T10:04:48","date_gmt":"2023-10-15T13:04:48","guid":{"rendered":"https:\/\/agendaparaguay.com\/v2\/?p=58466"},"modified":"2023-10-15T10:20:15","modified_gmt":"2023-10-15T13:20:15","slug":"el-papa-francisco-pidio-liberar-a-los-rehenes-israelies-y-abrir-corredores-humanitarios-en-gaza","status":"publish","type":"post","link":"https:\/\/agendaparaguay.com\/v2\/2023\/10\/15\/el-papa-francisco-pidio-liberar-a-los-rehenes-israelies-y-abrir-corredores-humanitarios-en-gaza\/","title":{"rendered":"El papa Francisco pidi\u00f3 liberar a los rehenes israel\u00edes y abrir corredores humanitarios en Gaza"},"content":{"rendered":"<p style=\"text-align: justify;\">El papa Francisco pidi\u00f3 este domingo que se organicen corredores humanitarios para ayudar a toda la poblaci\u00f3n de la Franja de Gaza y renov\u00f3 su llamamiento para la liberaci\u00f3n de los rehenes israel\u00edes en manos del grupo terrorista Hamas, durante el rezo del \u00e1ngelus en la plaza de San Pedro.<!--more--><\/p>\n<p style=\"text-align: justify;\">En su nuevo llamamiento, el Papa volvi\u00f3 a pedir \u201cencarecidamente que los ni\u00f1os, los enfermos, los ancianos, las mujeres y todos los civiles no sean v\u00edctimas del conflicto\u201d y que se garantice el \u201cderecho humanitario\u201d sobre todo a Gaza.<\/p>\n<p style=\"text-align: justify;\">Francisco inst\u00f3 \u201ca que no se derrames m\u00e1s sangre inocente ni en Tierra Santa, ni en Ucrania, ni en ning\u00fan otro lugar\u201d y subray\u00f3 que \u201clas guerras son siempre una derrota\u201d.<\/p>\n<p style=\"text-align: justify;\">\u201cSigo con gran dolor lo que sucede en Israel y Palestina y pienso sobre todo en los tantos peque\u00f1os y ancianos. Renuevo el llamamiento por la liberaci\u00f3n de los rehenes y pido encarecidamente que los ni\u00f1os , los enfermos, los ancianos, las mujeres y los civiles no sean v\u00edctimas del conflicto\u201d, dijo Francisco asomado a la ventana del palacio apost\u00f3lico para el rezo del \u00e1ngelus.<\/p>\n<p style=\"text-align: justify;\">Y a\u00f1adi\u00f3: \u201cHay que respetar el derecho humanitario y sobre todo en Gaza todo en casa donde es urgente y necesario garantizar corredores humanitarios para ayudar a toda la poblaci\u00f3n\u201d.<\/p>\n<p style=\"text-align: justify;\">Lament\u00f3 que ya han muerto tant\u00edsimas personas y entonces urgi\u00f3 a que no \u201cse derrame m\u00e1s sangre inocente, ni en Tierra santa, ni en Ucrania, ni en ning\u00fan otro lugar. Basta, las guerras son siempre una derrota, siempre\u201d.<\/p>\n<p style=\"text-align: justify;\">\u201cLa oraci\u00f3n y la fuerza tranquila es santa y es lo que hay que ofrecer a la fuerza diab\u00f3lica, del odio, del terrorismo y la guerra\u201d, a\u00f1adi\u00f3.<\/p>\n<p style=\"text-align: justify;\">Tambi\u00e9n invit\u00f3 a todos los creyentes a unirse a la Iglesia en Tierra Santa para dedicar el pr\u00f3ximo martes 17 de octubre una jornada de oraci\u00f3n y el ayuno.<\/p>\n<p style=\"text-align: justify;\">Tras el letal ataque de Hamas el 7 de octubre, Israel decret\u00f3 el estado de sitio \u201ctotal\u201d en la Franja de Gaza, ya bajo bloqueo desde hace 16 a\u00f1os, para que no entrara comida, agua ni electricidad en este exiguo territorio donde se hacinan 2,4 millones de habitantes.<\/p>\n<p style=\"text-align: justify;\">Unas 1.300 personas murieron en la inesperada embestida terrorista, mientras que las autoridades de Gaza dijeron que hab\u00edan muerto m\u00e1s de 2.300 personas, una cuarta parte de ellas ni\u00f1os, y casi 10.000 resultaron heridas, mientras Israel responde con intensos bombardeos a la agresi\u00f3n.<\/p>\n<p style=\"text-align: justify;\">Francisco tambi\u00e9n pidi\u00f3 que se respeten los monasterios y lugares religiosos de la regi\u00f3n de Nagorno-Karabaj, cuyo control recuper\u00f3 Azerbaiy\u00e1n el mes pasado con una operaci\u00f3n militar de 24 horas que provoc\u00f3 el \u00e9xodo a Armenia de la mayor\u00eda de los 120.000 armenios \u00e9tnicos del territorio.<br \/>\nFuente: Infobae.com<\/p>\n","protected":false},"excerpt":{"rendered":"<p>El papa Francisco pidi\u00f3 este domingo que se organicen corredores humanitarios para ayudar a toda la poblaci\u00f3n de la Franja de Gaza y renov\u00f3 su llamamiento para la liberaci\u00f3n de&hellip; <\/p>\n","protected":false},"author":1,"featured_media":30651,"comment_status":"closed","ping_status":"open","sticky":false,"template":"","format":"standard","meta":{"sfsi_plus_gutenberg_text_before_share":"","sfsi_plus_gutenberg_show_text_before_share":"","sfsi_plus_gutenberg_icon_type":"","sfsi_plus_gutenberg_icon_alignemt":"","sfsi_plus_gutenburg_max_per_row":"","footnotes":"","_jetpack_memberships_contains_paid_content":false,"jetpack_publicize_message":"","jetpack_publicize_feature_enabled":true,"jetpack_social_post_already_shared":true,"jetpack_social_options":{"image_generator_settings":{"template":"highway","enabled":false},"version":2}},"categories":[6],"tags":[],"jetpack_publicize_connections":[],"jetpack_sharing_enabled":true,"jetpack_featured_media_url":"https:\/\/agendaparaguay.com\/v2\/wp-content\/uploads\/2021\/03\/papa_francisco_victimas_isis.jpg","_links":{"self":[{"href":"https:\/\/agendaparaguay.com\/v2\/wp-json\/wp\/v2\/posts\/58466"}],"collection":[{"href":"https:\/\/agendaparaguay.com\/v2\/wp-json\/wp\/v2\/posts"}],"about":[{"href":"https:\/\/agendaparaguay.com\/v2\/wp-json\/wp\/v2\/types\/post"}],"author":[{"embeddable":true,"href":"https:\/\/agendaparaguay.com\/v2\/wp-json\/wp\/v2\/users\/1"}],"replies":[{"embeddable":true,"href":"https:\/\/agendaparaguay.com\/v2\/wp-json\/wp\/v2\/comments?post=58466"}],"version-history":[{"count":1,"href":"https:\/\/agendaparaguay.com\/v2\/wp-json\/wp\/v2\/posts\/58466\/revisions"}],"predecessor-version":[{"id":58467,"href":"https:\/\/agendaparaguay.com\/v2\/wp-json\/wp\/v2\/posts\/58466\/revisions\/58467"}],"wp:featuredmedia":[{"embeddable":true,"href":"https:\/\/agendaparaguay.com\/v2\/wp-json\/wp\/v2\/media\/30651"}],"wp:attachment":[{"href":"https:\/\/agendaparaguay.com\/v2\/wp-json\/wp\/v2\/media?parent=58466"}],"wp:term":[{"taxonomy":"category","embeddable":true,"href":"https:\/\/agendaparaguay.com\/v2\/wp-json\/wp\/v2\/categories?post=58466"},{"taxonomy":"post_tag","embeddable":true,"href":"https:\/\/agendaparaguay.com\/v2\/wp-json\/wp\/v2\/tags?post=58466"}],"curies":[{"name":"wp","href":"https:\/\/api.w.org\/{rel}","templated":true}]}}