{"id":58541,"date":"2023-10-18T09:34:33","date_gmt":"2023-10-18T12:34:33","guid":{"rendered":"https:\/\/agendaparaguay.com\/v2\/?p=58541"},"modified":"2023-10-18T10:35:52","modified_gmt":"2023-10-18T13:35:52","slug":"abren-jornada-de-donacion-de-sangre-en-el-hospital-san-pablo","status":"publish","type":"post","link":"https:\/\/agendaparaguay.com\/v2\/2023\/10\/18\/abren-jornada-de-donacion-de-sangre-en-el-hospital-san-pablo\/","title":{"rendered":"Abren jornada de donaci\u00f3n de sangre en el Hospital San Pablo"},"content":{"rendered":"<p style=\"text-align: justify;\">El Centro Oncol\u00f3gico Ambulatorio del Hospital General Materno Infantil, ubicado en el barrio San Pablo, fue el escenario de una jornada de donaci\u00f3n de sangre en el marco de la campa\u00f1a \u00abOctubre Rosa\u00bb.<!--more--><\/p>\n<p style=\"text-align: justify;\">La iniciativa, que busca concienciar sobre la importancia de la detecci\u00f3n temprana del c\u00e1ncer de mama y la necesidad de apoyar a las pacientes, cont\u00f3 con la destacada presencia de la ministra de Salud, Dra. Mar\u00eda Teresa Bar\u00e1n.<\/p>\n<p style=\"text-align: justify;\">El director del Hospital, el Dr. Vicente Acu\u00f1a, destac\u00f3 la relevancia de un diagn\u00f3stico oportuno para aumentar las posibilidades de curaci\u00f3n en una batalla que calific\u00f3 de \u00abdura y larga\u00bb. Adem\u00e1s, enfatiz\u00f3 la importancia de la donaci\u00f3n de sangre como un acto de apoyo vital para las pacientes que enfrentan el c\u00e1ncer de mama.<\/p>\n<p style=\"text-align: justify;\">Durante la actividad, el doctor Villalba, explic\u00f3 que el hospital garantiza que los tratamientos se completen sin demoras. Adem\u00e1s, subray\u00f3 la necesidad de una pronta respuesta en cuanto a la donaci\u00f3n de sangre. El personal m\u00e9dico ha trabajado en la creaci\u00f3n de una asociaci\u00f3n de pacientes para brindar un apoyo a\u00fan m\u00e1s s\u00f3lido.<\/p>\n<p style=\"text-align: justify;\">La ministra Bar\u00e1n reconoci\u00f3 la lucha que enfrentan las pacientes con c\u00e1ncer de mama y pidi\u00f3 a Cristina, una de las pacientes presentes, que transmitiera su fortaleza a otras mujeres en su situaci\u00f3n. Adem\u00e1s, subray\u00f3 la importancia de cumplir el sue\u00f1o de la reconstrucci\u00f3n mamaria, se\u00f1alando que este procedimiento puede ser un apoyo invaluable desde una perspectiva emocional, al mismo tiempo de agradecer a los donantes por su compromiso social en la donaci\u00f3n de sangre.<\/p>\n<p style=\"text-align: justify;\">Durante su mensaje, la m\u00e1xima autoridad de esta Cartera de Estado, record\u00f3 que el c\u00e1ncer de mama es la primera causa de muerte en mujeres a nivel mundial, y Paraguay no escapa a esta realidad. Explic\u00f3 que el Ministerio de Salud se enfoca en tres pilares: la prevenci\u00f3n, el tratamiento y la atenci\u00f3n integral de las pacientes.<\/p>\n<p style=\"text-align: justify;\">Bar\u00e1n inst\u00f3 a que el diagn\u00f3stico se convierta en una oportunidad y no en una sentencia de muerte, destacando la importancia del trabajo en equipo en la lucha contra el c\u00e1ncer de mama.<\/p>\n","protected":false},"excerpt":{"rendered":"<p>El Centro Oncol\u00f3gico Ambulatorio del Hospital General Materno Infantil, ubicado en el barrio San Pablo, fue el escenario de una jornada de donaci\u00f3n de sangre en el marco de la&hellip; <\/p>\n","protected":false},"author":1,"featured_media":58542,"comment_status":"closed","ping_status":"open","sticky":false,"template":"","format":"standard","meta":{"sfsi_plus_gutenberg_text_before_share":"","sfsi_plus_gutenberg_show_text_before_share":"","sfsi_plus_gutenberg_icon_type":"","sfsi_plus_gutenberg_icon_alignemt":"","sfsi_plus_gutenburg_max_per_row":"","footnotes":"","_jetpack_memberships_contains_paid_content":false,"jetpack_publicize_message":"","jetpack_publicize_feature_enabled":true,"jetpack_social_post_already_shared":true,"jetpack_social_options":{"image_generator_settings":{"template":"highway","enabled":false},"version":2}},"categories":[5],"tags":[],"jetpack_publicize_connections":[],"jetpack_sharing_enabled":true,"jetpack_featured_media_url":"https:\/\/agendaparaguay.com\/v2\/wp-content\/uploads\/2023\/10\/ministra_de_salud.jpg","_links":{"self":[{"href":"https:\/\/agendaparaguay.com\/v2\/wp-json\/wp\/v2\/posts\/58541"}],"collection":[{"href":"https:\/\/agendaparaguay.com\/v2\/wp-json\/wp\/v2\/posts"}],"about":[{"href":"https:\/\/agendaparaguay.com\/v2\/wp-json\/wp\/v2\/types\/post"}],"author":[{"embeddable":true,"href":"https:\/\/agendaparaguay.com\/v2\/wp-json\/wp\/v2\/users\/1"}],"replies":[{"embeddable":true,"href":"https:\/\/agendaparaguay.com\/v2\/wp-json\/wp\/v2\/comments?post=58541"}],"version-history":[{"count":1,"href":"https:\/\/agendaparaguay.com\/v2\/wp-json\/wp\/v2\/posts\/58541\/revisions"}],"predecessor-version":[{"id":58543,"href":"https:\/\/agendaparaguay.com\/v2\/wp-json\/wp\/v2\/posts\/58541\/revisions\/58543"}],"wp:featuredmedia":[{"embeddable":true,"href":"https:\/\/agendaparaguay.com\/v2\/wp-json\/wp\/v2\/media\/58542"}],"wp:attachment":[{"href":"https:\/\/agendaparaguay.com\/v2\/wp-json\/wp\/v2\/media?parent=58541"}],"wp:term":[{"taxonomy":"category","embeddable":true,"href":"https:\/\/agendaparaguay.com\/v2\/wp-json\/wp\/v2\/categories?post=58541"},{"taxonomy":"post_tag","embeddable":true,"href":"https:\/\/agendaparaguay.com\/v2\/wp-json\/wp\/v2\/tags?post=58541"}],"curies":[{"name":"wp","href":"https:\/\/api.w.org\/{rel}","templated":true}]}}