{"id":58872,"date":"2023-10-30T20:22:46","date_gmt":"2023-10-30T23:22:46","guid":{"rendered":"https:\/\/agendaparaguay.com\/v2\/?p=58872"},"modified":"2023-10-30T20:23:07","modified_gmt":"2023-10-30T23:23:07","slug":"diputados-liberales-piden-al-ejecutivo-enfocar-prioridades-y-rechazan-aumento-salarial","status":"publish","type":"post","link":"https:\/\/agendaparaguay.com\/v2\/2023\/10\/30\/diputados-liberales-piden-al-ejecutivo-enfocar-prioridades-y-rechazan-aumento-salarial\/","title":{"rendered":"Diputados liberales piden al Ejecutivo enfocar prioridades y rechazan aumento salarial"},"content":{"rendered":"<p style=\"text-align: justify;\">La Bancada \u201cPL\u201d del Partido Liberal Radical Aut\u00e9ntico en la C\u00e1mara Baja, se pronunci\u00f3 en contra de la adenda presentada por el Poder Ejecutivo, al efecto de un incremento salarial para senadores y diputados de la Rep\u00fablica.<!--more--><\/p>\n<p style=\"text-align: justify;\">A trav\u00e9s de un comunicado, adem\u00e1s, el bloque se\u00f1al\u00f3 su rotundo y en\u00e9rgico rechazo a las aseveraciones del presidente de la Rep\u00fablica, Santiago Pe\u00f1a, acerca de un supuesto \u201cchantaje\u201d por parte de algunos legisladores colorados y de la oposici\u00f3n, con miras a unas mejoras salariales a cambio de no modificar el Proyecto de Presupuesto General de la Naci\u00f3n del Ejercicio Fiscal 2024.<\/p>\n<p style=\"text-align: justify;\">\u201cExigimos que proceda responsablemente a identificar a los supuestos responsables de estos pedidos, en el caso de senadores y diputados; caso contrario, no pasar\u00e1n de ser declaraciones irresponsables del Presidente de la Rep\u00fablica, intentando justificar el pedido realizado para beneficio propio y de los ministros de su propio Gabinete\u201d, se lee en el documento.<\/p>\n<p style=\"text-align: justify;\">Los parlamentarios de la Bancada \u201cPL\u201d, respecto a la adenda impulsada por el Ejecutivo, refieren que el Estado debe priorizar lo m\u00e1s urgente, asumiendo con responsabilidad la distribuci\u00f3n de los recursos para contemplar las necesidades reales de la ciudadan\u00eda.<\/p>\n<p style=\"text-align: justify;\">\u201cEs momento de reivindicar la voluntad pol\u00edtica con las expectativas de quienes conf\u00edan en nuestro criterio para mejorar las condiciones de vida del pa\u00eds\u201d, se\u00f1ala la comunicaci\u00f3n.<\/p>\n<p style=\"text-align: justify;\">Firman dicho documento los diputados Carlos Mar\u00eda L\u00f3pez (PLRA-Cordillera); Lu\u00eds Federico Franco (PLRA-Central); Rodrigo Blanco (PLRA-Central); Emilio Pav\u00f3n (PLRA-Concepci\u00f3n); Pedro G\u00f3mez (PLRA-Central); Carlos Pereira (PLRA-Itap\u00faa); Ariel Villagra (PLRA-San Pedro); y Juan Manuel Acevedo (PLRA-Amambay). fuente. Diputados.<\/p>\n","protected":false},"excerpt":{"rendered":"<p>La Bancada \u201cPL\u201d del Partido Liberal Radical Aut\u00e9ntico en la C\u00e1mara Baja, se pronunci\u00f3 en contra de la adenda presentada por el Poder Ejecutivo, al efecto de un incremento salarial&hellip; <\/p>\n","protected":false},"author":1,"featured_media":57901,"comment_status":"closed","ping_status":"open","sticky":false,"template":"","format":"standard","meta":{"sfsi_plus_gutenberg_text_before_share":"","sfsi_plus_gutenberg_show_text_before_share":"","sfsi_plus_gutenberg_icon_type":"","sfsi_plus_gutenberg_icon_alignemt":"","sfsi_plus_gutenburg_max_per_row":"","footnotes":"","_jetpack_memberships_contains_paid_content":false,"jetpack_publicize_message":"","jetpack_publicize_feature_enabled":true,"jetpack_social_post_already_shared":true,"jetpack_social_options":{"image_generator_settings":{"template":"highway","enabled":false},"version":2}},"categories":[4],"tags":[],"jetpack_publicize_connections":[],"jetpack_sharing_enabled":true,"jetpack_featured_media_url":"https:\/\/agendaparaguay.com\/v2\/wp-content\/uploads\/2023\/09\/pleno_diputados.jpg","_links":{"self":[{"href":"https:\/\/agendaparaguay.com\/v2\/wp-json\/wp\/v2\/posts\/58872"}],"collection":[{"href":"https:\/\/agendaparaguay.com\/v2\/wp-json\/wp\/v2\/posts"}],"about":[{"href":"https:\/\/agendaparaguay.com\/v2\/wp-json\/wp\/v2\/types\/post"}],"author":[{"embeddable":true,"href":"https:\/\/agendaparaguay.com\/v2\/wp-json\/wp\/v2\/users\/1"}],"replies":[{"embeddable":true,"href":"https:\/\/agendaparaguay.com\/v2\/wp-json\/wp\/v2\/comments?post=58872"}],"version-history":[{"count":2,"href":"https:\/\/agendaparaguay.com\/v2\/wp-json\/wp\/v2\/posts\/58872\/revisions"}],"predecessor-version":[{"id":58874,"href":"https:\/\/agendaparaguay.com\/v2\/wp-json\/wp\/v2\/posts\/58872\/revisions\/58874"}],"wp:featuredmedia":[{"embeddable":true,"href":"https:\/\/agendaparaguay.com\/v2\/wp-json\/wp\/v2\/media\/57901"}],"wp:attachment":[{"href":"https:\/\/agendaparaguay.com\/v2\/wp-json\/wp\/v2\/media?parent=58872"}],"wp:term":[{"taxonomy":"category","embeddable":true,"href":"https:\/\/agendaparaguay.com\/v2\/wp-json\/wp\/v2\/categories?post=58872"},{"taxonomy":"post_tag","embeddable":true,"href":"https:\/\/agendaparaguay.com\/v2\/wp-json\/wp\/v2\/tags?post=58872"}],"curies":[{"name":"wp","href":"https:\/\/api.w.org\/{rel}","templated":true}]}}