{"id":59044,"date":"2023-11-06T18:52:09","date_gmt":"2023-11-06T21:52:09","guid":{"rendered":"https:\/\/agendaparaguay.com\/v2\/?p=59044"},"modified":"2023-11-07T10:18:04","modified_gmt":"2023-11-07T13:18:04","slug":"rechazan-pedido-de-redencion-para-un-condenado-por-el-caso-cecilia-cubas","status":"publish","type":"post","link":"https:\/\/agendaparaguay.com\/v2\/2023\/11\/06\/rechazan-pedido-de-redencion-para-un-condenado-por-el-caso-cecilia-cubas\/","title":{"rendered":"Rechazan pedido de redenci\u00f3n para un condenado por el caso Cecilia Cubas"},"content":{"rendered":"<p style=\"text-align: justify;\">La agente fiscal Celia Beckelmann, de la Unidad de Ejecuci\u00f3n, hab\u00eda solicitado al Tribunal de Apelaciones el rechazo del pedido hecho por la defensa del condenado Gustavo Lezcano Esp\u00ednola, que hab\u00eda requerido la redenci\u00f3n de la pena.<!--more--><\/p>\n<p style=\"text-align: justify;\">El hombre fue condenado por el secuestro y muerte de la joven Cecilia Cubas. Beckelmann indic\u00f3 que las documentales de las supuestas actividades laborales, presentadas por el condenado para ser beneficiado con la redenci\u00f3n, nunca fueron arrimadas al expediente.<\/p>\n<p style=\"text-align: justify;\">El Tribunal de Apelaci\u00f3n decidi\u00f3 no hacer lugar al incidente de redenci\u00f3n planteado por la Abg. Mar\u00eda In\u00e9s Acosta, en representaci\u00f3n del condenado. \u00c9ste pretend\u00eda el descuento de su pena, con pruebas documentales producidas que no cumpl\u00edan con los requisitos establecidos por la Ley.<\/p>\n<p style=\"text-align: justify;\">Gustavo Lezcano Esp\u00ednola fue condenado a 25 a\u00f1os de pena privativa de libertad y 10 a\u00f1os de medidas de seguridad por haber integrado el grupo que decidi\u00f3 la muerte de Cecilia Cubas en el 2004.<\/p>\n","protected":false},"excerpt":{"rendered":"<p>La agente fiscal Celia Beckelmann, de la Unidad de Ejecuci\u00f3n, hab\u00eda solicitado al Tribunal de Apelaciones el rechazo del pedido hecho por la defensa del condenado Gustavo Lezcano Esp\u00ednola, que&hellip; <\/p>\n","protected":false},"author":1,"featured_media":6651,"comment_status":"closed","ping_status":"open","sticky":false,"template":"","format":"standard","meta":{"sfsi_plus_gutenberg_text_before_share":"","sfsi_plus_gutenberg_show_text_before_share":"","sfsi_plus_gutenberg_icon_type":"","sfsi_plus_gutenberg_icon_alignemt":"","sfsi_plus_gutenburg_max_per_row":"","footnotes":"","_jetpack_memberships_contains_paid_content":false,"jetpack_publicize_message":"","jetpack_publicize_feature_enabled":true,"jetpack_social_post_already_shared":true,"jetpack_social_options":{"image_generator_settings":{"template":"highway","enabled":false},"version":2}},"categories":[5],"tags":[],"jetpack_publicize_connections":[],"jetpack_sharing_enabled":true,"jetpack_featured_media_url":"https:\/\/agendaparaguay.com\/v2\/wp-content\/uploads\/2019\/04\/corte_suprema_de_justicia.jpg","_links":{"self":[{"href":"https:\/\/agendaparaguay.com\/v2\/wp-json\/wp\/v2\/posts\/59044"}],"collection":[{"href":"https:\/\/agendaparaguay.com\/v2\/wp-json\/wp\/v2\/posts"}],"about":[{"href":"https:\/\/agendaparaguay.com\/v2\/wp-json\/wp\/v2\/types\/post"}],"author":[{"embeddable":true,"href":"https:\/\/agendaparaguay.com\/v2\/wp-json\/wp\/v2\/users\/1"}],"replies":[{"embeddable":true,"href":"https:\/\/agendaparaguay.com\/v2\/wp-json\/wp\/v2\/comments?post=59044"}],"version-history":[{"count":1,"href":"https:\/\/agendaparaguay.com\/v2\/wp-json\/wp\/v2\/posts\/59044\/revisions"}],"predecessor-version":[{"id":59045,"href":"https:\/\/agendaparaguay.com\/v2\/wp-json\/wp\/v2\/posts\/59044\/revisions\/59045"}],"wp:featuredmedia":[{"embeddable":true,"href":"https:\/\/agendaparaguay.com\/v2\/wp-json\/wp\/v2\/media\/6651"}],"wp:attachment":[{"href":"https:\/\/agendaparaguay.com\/v2\/wp-json\/wp\/v2\/media?parent=59044"}],"wp:term":[{"taxonomy":"category","embeddable":true,"href":"https:\/\/agendaparaguay.com\/v2\/wp-json\/wp\/v2\/categories?post=59044"},{"taxonomy":"post_tag","embeddable":true,"href":"https:\/\/agendaparaguay.com\/v2\/wp-json\/wp\/v2\/tags?post=59044"}],"curies":[{"name":"wp","href":"https:\/\/api.w.org\/{rel}","templated":true}]}}