{"id":59215,"date":"2023-11-13T15:19:28","date_gmt":"2023-11-13T18:19:28","guid":{"rendered":"https:\/\/agendaparaguay.com\/v2\/?p=59215"},"modified":"2023-11-13T15:19:28","modified_gmt":"2023-11-13T18:19:28","slug":"ministro-riera-aboga-por-aprobacion-de-la-reforma-policial","status":"publish","type":"post","link":"https:\/\/agendaparaguay.com\/v2\/2023\/11\/13\/ministro-riera-aboga-por-aprobacion-de-la-reforma-policial\/","title":{"rendered":"Ministro Riera aboga por aprobaci\u00f3n de la Reforma Policial"},"content":{"rendered":"<p style=\"text-align: justify;\">Fue durante una reuni\u00f3n conjunta mantenida hoy entre las comisiones de Legislaci\u00f3n y de Asuntos Econ\u00f3micos, que presiden Derlis Maidana y Carlos N\u00fa\u00f1ez Aguero.<!--more--><\/p>\n<p style=\"text-align: justify;\">Los legisladores recibieron al ministro del Interior, Enrique Riera y al comandante de la Polic\u00eda Nacional, Carlos Humberto Ben\u00edtez para abordar el documento.<\/p>\n<p style=\"text-align: justify;\">El senador Carlos N\u00fa\u00f1ez, impulsor de la m\u00e1s reciente versi\u00f3n del proyecto \u201cDe Reforma y Modernizaci\u00f3n Policial\u201d, resalt\u00f3 la importancia de esta iniciativa y la necesidad de su aprobaci\u00f3n.<\/p>\n<p style=\"text-align: justify;\">\u201cPresent\u00e9 peque\u00f1as correcciones de forma usando como base el proyecto tratado en el periodo anterior. Me encuentro en una comunicaci\u00f3n permanente con el ministro del Interior para lograr una versi\u00f3n consensuada\u201d, detall\u00f3 el legislador.<\/p>\n<p style=\"text-align: justify;\">Por su parte, Enrique Riera, ministro del Interior, indic\u00f3 que la Ley que rige actualmente a la Polic\u00eda Nacional debe ser actualizada y adaptada a las realidades. \u201cEs necesario actualizar la Ley, casi 30 a\u00f1os de vigencia de tiene y las realidades de hoy son muy diferentes. Es una ley que tiene que ser revisada y actualizada\u201d, destac\u00f3.<\/p>\n<p style=\"text-align: justify;\">Expres\u00f3 que la Polic\u00eda Nacional requiere del respaldo pol\u00edtico y ciudadano para lograr una reforma que le permita atender las necesidades de los ciudadanos. Agreg\u00f3, que este proyecto es fundamental para lograr una Polic\u00eda Nacional institucionalizada, que impulse una carrera dependiente del esfuerzo y buen comportamiento de los oficiales.<\/p>\n<p style=\"text-align: justify;\">\u201cPrecisamos que se analice la versi\u00f3n consensuada con el Ministerio de Interior y la Polic\u00eda Nacional. Ninguna Ley es perfecta, pero necesitamos una ley consensuada que modernice la Polic\u00eda\u201d, manifest\u00f3.<br \/>\nFuente: Senado.<\/p>\n","protected":false},"excerpt":{"rendered":"<p>Fue durante una reuni\u00f3n conjunta mantenida hoy entre las comisiones de Legislaci\u00f3n y de Asuntos Econ\u00f3micos, que presiden Derlis Maidana y Carlos N\u00fa\u00f1ez Aguero.<\/p>\n","protected":false},"author":1,"featured_media":59216,"comment_status":"closed","ping_status":"open","sticky":false,"template":"","format":"standard","meta":{"sfsi_plus_gutenberg_text_before_share":"","sfsi_plus_gutenberg_show_text_before_share":"","sfsi_plus_gutenberg_icon_type":"","sfsi_plus_gutenberg_icon_alignemt":"","sfsi_plus_gutenburg_max_per_row":"","footnotes":"","_jetpack_memberships_contains_paid_content":false,"jetpack_publicize_message":"","jetpack_publicize_feature_enabled":true,"jetpack_social_post_already_shared":true,"jetpack_social_options":{"image_generator_settings":{"template":"highway","enabled":false},"version":2}},"categories":[3],"tags":[],"jetpack_publicize_connections":[],"jetpack_sharing_enabled":true,"jetpack_featured_media_url":"https:\/\/agendaparaguay.com\/v2\/wp-content\/uploads\/2023\/11\/comision_carlos_nunez_maidana.jpg","_links":{"self":[{"href":"https:\/\/agendaparaguay.com\/v2\/wp-json\/wp\/v2\/posts\/59215"}],"collection":[{"href":"https:\/\/agendaparaguay.com\/v2\/wp-json\/wp\/v2\/posts"}],"about":[{"href":"https:\/\/agendaparaguay.com\/v2\/wp-json\/wp\/v2\/types\/post"}],"author":[{"embeddable":true,"href":"https:\/\/agendaparaguay.com\/v2\/wp-json\/wp\/v2\/users\/1"}],"replies":[{"embeddable":true,"href":"https:\/\/agendaparaguay.com\/v2\/wp-json\/wp\/v2\/comments?post=59215"}],"version-history":[{"count":1,"href":"https:\/\/agendaparaguay.com\/v2\/wp-json\/wp\/v2\/posts\/59215\/revisions"}],"predecessor-version":[{"id":59217,"href":"https:\/\/agendaparaguay.com\/v2\/wp-json\/wp\/v2\/posts\/59215\/revisions\/59217"}],"wp:featuredmedia":[{"embeddable":true,"href":"https:\/\/agendaparaguay.com\/v2\/wp-json\/wp\/v2\/media\/59216"}],"wp:attachment":[{"href":"https:\/\/agendaparaguay.com\/v2\/wp-json\/wp\/v2\/media?parent=59215"}],"wp:term":[{"taxonomy":"category","embeddable":true,"href":"https:\/\/agendaparaguay.com\/v2\/wp-json\/wp\/v2\/categories?post=59215"},{"taxonomy":"post_tag","embeddable":true,"href":"https:\/\/agendaparaguay.com\/v2\/wp-json\/wp\/v2\/tags?post=59215"}],"curies":[{"name":"wp","href":"https:\/\/api.w.org\/{rel}","templated":true}]}}