{"id":59273,"date":"2023-11-15T09:20:31","date_gmt":"2023-11-15T12:20:31","guid":{"rendered":"https:\/\/agendaparaguay.com\/v2\/?p=59273"},"modified":"2023-11-15T11:42:17","modified_gmt":"2023-11-15T14:42:17","slug":"estudiaran-declaracion-de-emergencia-vial-en-central-y-neembucu","status":"publish","type":"post","link":"https:\/\/agendaparaguay.com\/v2\/2023\/11\/15\/estudiaran-declaracion-de-emergencia-vial-en-central-y-neembucu\/","title":{"rendered":"Estudiar\u00e1n Declaraci\u00f3n de Emergencia Vial en Central y \u00d1eembuc\u00fa"},"content":{"rendered":"<p style=\"text-align: justify;\">La c\u00e1mara de Diputados pondr\u00e1 a consideraci\u00f3n del pleno hoy el proyecto de ley \u201cQue declara en situaci\u00f3n de emergencia vial al Departamento Central y faculta al Poder Ejecutivo \u2013 Ministerio de Obras P\u00fablicas y Comunicaciones a gestionar los recursos necesarios para la rehabilitaci\u00f3n de los tramos afectados\u201d.<!--more--><\/p>\n<p style=\"text-align: justify;\">El documento tiene por finalidad mejorar las rutas y caminos en todo el Departamento Central, deteriorados, considerablemente, como consecuencia de las intensas lluvias ca\u00eddas durante los \u00faltimos d\u00edas.<\/p>\n<p style=\"text-align: justify;\">Por medio de la presente disposici\u00f3n se faculta al Poder Ejecutivo, autorizar al Ministerio de Obras P\u00fablicas y Comunicaciones a gestionar los recursos necesarios para llevar adelante trabajos de mantenimiento y rehabilitaci\u00f3n de los tramos que se encuentran en condiciones de intransitabilidad.<\/p>\n<p style=\"text-align: justify;\">As\u00ed tambi\u00e9n, a realizar contrataciones directas de obras p\u00fablicas o servicios con proveedores, y contratistas, durante el periodo de emergencia vial y cuyo objeto sea destinado, exclusivamente, a combatir los efectos mencionados.<\/p>\n<p style=\"text-align: justify;\">La declaraci\u00f3n de emergencia es por el t\u00e9rmino de 90 d\u00edas, y se encuentra en su primer tr\u00e1mite constitucional.<\/p>\n<p style=\"text-align: justify;\">Emergencia en \u00d1eembuc\u00fa<\/p>\n<p style=\"text-align: justify;\">Otro documento similar al anterior, que ser\u00e1 estudiado por la plenaria de la C\u00e1mara de Diputados, es el proyecto de ley \u201cQue declara en situaci\u00f3n de emergencia al Departamento de \u00d1eembuc\u00fa\u00bb.<\/p>\n<p style=\"text-align: justify;\">Se trata de una iniciativa que busca combatir los efectos ocasionados por las graves inundaciones registradas en esta zona del territorio de la Rep\u00fablica.<\/p>\n<p style=\"text-align: justify;\">La disposici\u00f3n encomienda a las autoridades nacionales y departamentales a solicitar y disponer de los recursos necesarios, a fin de dar respuesta inmediata a las necesidades urgentes de los pobladores del departamento.<\/p>\n<p style=\"text-align: justify;\">Dispone, por otro lado, la exoneraci\u00f3n a los habitantes del departamento del pago por el consumo de energ\u00eda el\u00e9ctrica de la ANDE, durante la vigencia de la presente ley, que se establece por el t\u00e9rmino de 90 d\u00edas.<\/p>\n<p style=\"text-align: justify;\">La erogaci\u00f3n generada por la mencionada medida ser\u00e1 cubierta con los fondos sociales de las entidades binacionales, seg\u00fan el documento.<\/p>\n<p style=\"text-align: justify;\">Igualmente se estipula que durante la vigencia de la emergencia se utilizar\u00e1n procedimientos simplificados, como medida de excepci\u00f3n, para agilizar las compras a la gobernaci\u00f3n, municipios del departamento y ministerios, siempre que las compras sean para atender la problem\u00e1tica que motiva la ley.<\/p>\n<p>Este proyecto tiene origen en la C\u00e1mara de Diputados y se encuentra en el primer tr\u00e1mite constitucional.<\/p>\n","protected":false},"excerpt":{"rendered":"<p>La c\u00e1mara de Diputados pondr\u00e1 a consideraci\u00f3n del pleno hoy el proyecto de ley \u201cQue declara en situaci\u00f3n de emergencia vial al Departamento Central y faculta al Poder Ejecutivo \u2013&hellip; <\/p>\n","protected":false},"author":1,"featured_media":6213,"comment_status":"closed","ping_status":"open","sticky":false,"template":"","format":"standard","meta":{"sfsi_plus_gutenberg_text_before_share":"","sfsi_plus_gutenberg_show_text_before_share":"","sfsi_plus_gutenberg_icon_type":"","sfsi_plus_gutenberg_icon_alignemt":"","sfsi_plus_gutenburg_max_per_row":"","footnotes":"","_jetpack_memberships_contains_paid_content":false,"jetpack_publicize_message":"","jetpack_publicize_feature_enabled":true,"jetpack_social_post_already_shared":true,"jetpack_social_options":{"image_generator_settings":{"template":"highway","enabled":false},"version":2}},"categories":[4],"tags":[],"jetpack_publicize_connections":[],"jetpack_sharing_enabled":true,"jetpack_featured_media_url":"https:\/\/agendaparaguay.com\/v2\/wp-content\/uploads\/2019\/03\/baches.jpg","_links":{"self":[{"href":"https:\/\/agendaparaguay.com\/v2\/wp-json\/wp\/v2\/posts\/59273"}],"collection":[{"href":"https:\/\/agendaparaguay.com\/v2\/wp-json\/wp\/v2\/posts"}],"about":[{"href":"https:\/\/agendaparaguay.com\/v2\/wp-json\/wp\/v2\/types\/post"}],"author":[{"embeddable":true,"href":"https:\/\/agendaparaguay.com\/v2\/wp-json\/wp\/v2\/users\/1"}],"replies":[{"embeddable":true,"href":"https:\/\/agendaparaguay.com\/v2\/wp-json\/wp\/v2\/comments?post=59273"}],"version-history":[{"count":1,"href":"https:\/\/agendaparaguay.com\/v2\/wp-json\/wp\/v2\/posts\/59273\/revisions"}],"predecessor-version":[{"id":59274,"href":"https:\/\/agendaparaguay.com\/v2\/wp-json\/wp\/v2\/posts\/59273\/revisions\/59274"}],"wp:featuredmedia":[{"embeddable":true,"href":"https:\/\/agendaparaguay.com\/v2\/wp-json\/wp\/v2\/media\/6213"}],"wp:attachment":[{"href":"https:\/\/agendaparaguay.com\/v2\/wp-json\/wp\/v2\/media?parent=59273"}],"wp:term":[{"taxonomy":"category","embeddable":true,"href":"https:\/\/agendaparaguay.com\/v2\/wp-json\/wp\/v2\/categories?post=59273"},{"taxonomy":"post_tag","embeddable":true,"href":"https:\/\/agendaparaguay.com\/v2\/wp-json\/wp\/v2\/tags?post=59273"}],"curies":[{"name":"wp","href":"https:\/\/api.w.org\/{rel}","templated":true}]}}