{"id":59346,"date":"2023-11-17T12:34:50","date_gmt":"2023-11-17T15:34:50","guid":{"rendered":"https:\/\/agendaparaguay.com\/v2\/?p=59346"},"modified":"2023-11-17T12:34:50","modified_gmt":"2023-11-17T15:34:50","slug":"pastor-insfran-guardara-reclusion-en-la-base-de-la-senad","status":"publish","type":"post","link":"https:\/\/agendaparaguay.com\/v2\/2023\/11\/17\/pastor-insfran-guardara-reclusion-en-la-base-de-la-senad\/","title":{"rendered":"Pastor Insfran guardar\u00e1 reclusi\u00f3n en la base de la SENAD"},"content":{"rendered":"<p style=\"text-align: justify;\">El Pastor Jos\u00e9 Insfr\u00e1n, quien ayer se present\u00f3 ante la justicia guardar\u00e1 reclusi\u00f3n en la base de operaciones de la SENAD, por disposici\u00f3n de la jueza Rosarito Montan\u00eda.<!--more--><\/p>\n<p style=\"text-align: justify;\">La magistrada considera que existe peligro de fuga y de obstrucci\u00f3n de la investigaci\u00f3n. Fue durante la audiencia de imposici\u00f3n de medidas llevada a cabo esta ma\u00f1ana.<\/p>\n<p style=\"text-align: justify;\">Insfran est\u00e1 procesado por Lavado de dinero proveniente del narcotr\u00e1fico y asociaci\u00f3n criminal, vinculado al caso A ULTRANZAPY.<\/p>\n","protected":false},"excerpt":{"rendered":"<p>El Pastor Jos\u00e9 Insfr\u00e1n, quien ayer se present\u00f3 ante la justicia guardar\u00e1 reclusi\u00f3n en la base de operaciones de la SENAD, por disposici\u00f3n de la jueza Rosarito Montan\u00eda.<\/p>\n","protected":false},"author":1,"featured_media":0,"comment_status":"closed","ping_status":"open","sticky":false,"template":"","format":"standard","meta":{"sfsi_plus_gutenberg_text_before_share":"","sfsi_plus_gutenberg_show_text_before_share":"","sfsi_plus_gutenberg_icon_type":"","sfsi_plus_gutenberg_icon_alignemt":"","sfsi_plus_gutenburg_max_per_row":"","footnotes":"","_jetpack_memberships_contains_paid_content":false,"jetpack_publicize_message":"","jetpack_publicize_feature_enabled":true,"jetpack_social_post_already_shared":true,"jetpack_social_options":{"image_generator_settings":{"template":"highway","enabled":false},"version":2}},"categories":[5],"tags":[],"jetpack_publicize_connections":[],"jetpack_sharing_enabled":true,"jetpack_featured_media_url":"","_links":{"self":[{"href":"https:\/\/agendaparaguay.com\/v2\/wp-json\/wp\/v2\/posts\/59346"}],"collection":[{"href":"https:\/\/agendaparaguay.com\/v2\/wp-json\/wp\/v2\/posts"}],"about":[{"href":"https:\/\/agendaparaguay.com\/v2\/wp-json\/wp\/v2\/types\/post"}],"author":[{"embeddable":true,"href":"https:\/\/agendaparaguay.com\/v2\/wp-json\/wp\/v2\/users\/1"}],"replies":[{"embeddable":true,"href":"https:\/\/agendaparaguay.com\/v2\/wp-json\/wp\/v2\/comments?post=59346"}],"version-history":[{"count":1,"href":"https:\/\/agendaparaguay.com\/v2\/wp-json\/wp\/v2\/posts\/59346\/revisions"}],"predecessor-version":[{"id":59347,"href":"https:\/\/agendaparaguay.com\/v2\/wp-json\/wp\/v2\/posts\/59346\/revisions\/59347"}],"wp:attachment":[{"href":"https:\/\/agendaparaguay.com\/v2\/wp-json\/wp\/v2\/media?parent=59346"}],"wp:term":[{"taxonomy":"category","embeddable":true,"href":"https:\/\/agendaparaguay.com\/v2\/wp-json\/wp\/v2\/categories?post=59346"},{"taxonomy":"post_tag","embeddable":true,"href":"https:\/\/agendaparaguay.com\/v2\/wp-json\/wp\/v2\/tags?post=59346"}],"curies":[{"name":"wp","href":"https:\/\/api.w.org\/{rel}","templated":true}]}}