{"id":59530,"date":"2023-11-24T17:36:55","date_gmt":"2023-11-24T20:36:55","guid":{"rendered":"https:\/\/agendaparaguay.com\/v2\/?p=59530"},"modified":"2023-11-26T19:46:27","modified_gmt":"2023-11-26T22:46:27","slug":"periodista-entrevisto-a-sebastian-marset-en-paraguay","status":"publish","type":"post","link":"https:\/\/agendaparaguay.com\/v2\/2023\/11\/24\/periodista-entrevisto-a-sebastian-marset-en-paraguay\/","title":{"rendered":"Periodista entrevist\u00f3 a Sebasti\u00e1n Marset en Paraguay"},"content":{"rendered":"<p style=\"text-align: justify;\">Seg\u00fan un adelanto realizado por el plantel del programa \u00abSanto y Se\u00f1a\u00bb, la periodista Patricia Mar\u00edn viaj\u00f3 supuestamente hasta Paraguay para entrevistar al narco m\u00e1s buscado de la regi\u00f3n, Sebastian Marset.<!--more--><\/p>\n<p style=\"text-align: justify;\">Incluso, en un adelanto compartido por el medio uruguayo en sus redes sociales, muestra a la comunicadora abordando un vuelo, con bandera paraguaya.<\/p>\n<p style=\"text-align: justify;\">Refieren como informaci\u00f3n que luego, la hicieron subir en dos helic\u00f3pteros, hasta llegar finalmente a una mansi\u00f3n donde reside Marset junto con toda su familia.<\/p>\n<p style=\"text-align: justify;\">En la entrevista, el pr\u00f3fugo de la justicia se\u00f1ala que lo ayudaron para fugarse y y si lo capturan, espera ver de que se le acusa y que pruebas presentan en su contra.<\/p>\n<p style=\"text-align: justify;\">\u00abSi me capturan, quiero ver todo lo que dicen, de qu\u00e9 tienen pruebas\u00bb, se\u00f1ala en una parte de la charla con Mar\u00edn.<\/p>\n<p style=\"text-align: justify;\">Agreg\u00f3 que si fuera solo el quien contaba con orden de captura, su pareja cuidar\u00eda de sus hijos y los ni\u00f1os seguir\u00edan yendo al colegio. \u00abYo no puedo estar sin mi familia\u00bb, resalt\u00f3<\/p>\n<p style=\"text-align: justify;\">Cabe destacar que el ministro de Gobierno de Bolivia advirti\u00f3 hoy que Marset se encontrar\u00eda en Paraguay y que se sentir\u00eda acorralado, incluso, mentir\u00eda en la entrevista concedida a un medio uruguayo.<\/p>\n<p style=\"text-align: justify;\">Adem\u00e1s, no descarto que Marset anuncia que se entregar\u00e1 los pr\u00f3ximos d\u00edas.<\/p>\n","protected":false},"excerpt":{"rendered":"<p>Seg\u00fan un adelanto realizado por el plantel del programa \u00abSanto y Se\u00f1a\u00bb, la periodista Patricia Mar\u00edn viaj\u00f3 supuestamente hasta Paraguay para entrevistar al narco m\u00e1s buscado de la regi\u00f3n, Sebastian&hellip; <\/p>\n","protected":false},"author":1,"featured_media":59531,"comment_status":"closed","ping_status":"open","sticky":false,"template":"","format":"standard","meta":{"sfsi_plus_gutenberg_text_before_share":"","sfsi_plus_gutenberg_show_text_before_share":"","sfsi_plus_gutenberg_icon_type":"","sfsi_plus_gutenberg_icon_alignemt":"","sfsi_plus_gutenburg_max_per_row":"","footnotes":"","_jetpack_memberships_contains_paid_content":false,"jetpack_publicize_message":"","jetpack_publicize_feature_enabled":true,"jetpack_social_post_already_shared":true,"jetpack_social_options":{"image_generator_settings":{"template":"highway","enabled":false},"version":2}},"categories":[5],"tags":[],"jetpack_publicize_connections":[],"jetpack_sharing_enabled":true,"jetpack_featured_media_url":"https:\/\/agendaparaguay.com\/v2\/wp-content\/uploads\/2023\/11\/sebastian_marset_entrevista.png","_links":{"self":[{"href":"https:\/\/agendaparaguay.com\/v2\/wp-json\/wp\/v2\/posts\/59530"}],"collection":[{"href":"https:\/\/agendaparaguay.com\/v2\/wp-json\/wp\/v2\/posts"}],"about":[{"href":"https:\/\/agendaparaguay.com\/v2\/wp-json\/wp\/v2\/types\/post"}],"author":[{"embeddable":true,"href":"https:\/\/agendaparaguay.com\/v2\/wp-json\/wp\/v2\/users\/1"}],"replies":[{"embeddable":true,"href":"https:\/\/agendaparaguay.com\/v2\/wp-json\/wp\/v2\/comments?post=59530"}],"version-history":[{"count":1,"href":"https:\/\/agendaparaguay.com\/v2\/wp-json\/wp\/v2\/posts\/59530\/revisions"}],"predecessor-version":[{"id":59532,"href":"https:\/\/agendaparaguay.com\/v2\/wp-json\/wp\/v2\/posts\/59530\/revisions\/59532"}],"wp:featuredmedia":[{"embeddable":true,"href":"https:\/\/agendaparaguay.com\/v2\/wp-json\/wp\/v2\/media\/59531"}],"wp:attachment":[{"href":"https:\/\/agendaparaguay.com\/v2\/wp-json\/wp\/v2\/media?parent=59530"}],"wp:term":[{"taxonomy":"category","embeddable":true,"href":"https:\/\/agendaparaguay.com\/v2\/wp-json\/wp\/v2\/categories?post=59530"},{"taxonomy":"post_tag","embeddable":true,"href":"https:\/\/agendaparaguay.com\/v2\/wp-json\/wp\/v2\/tags?post=59530"}],"curies":[{"name":"wp","href":"https:\/\/api.w.org\/{rel}","templated":true}]}}