{"id":59677,"date":"2023-12-01T15:57:42","date_gmt":"2023-12-01T18:57:42","guid":{"rendered":"https:\/\/agendaparaguay.com\/v2\/?p=59677"},"modified":"2023-12-01T17:04:24","modified_gmt":"2023-12-01T20:04:24","slug":"reclaman-golpe-de-timon-para-contrarrestar-crisis-del-sistema-penitenciario","status":"publish","type":"post","link":"https:\/\/agendaparaguay.com\/v2\/2023\/12\/01\/reclaman-golpe-de-timon-para-contrarrestar-crisis-del-sistema-penitenciario\/","title":{"rendered":"Reclaman golpe de tim\u00f3n para contrarrestar crisis del sistema penitenciario"},"content":{"rendered":"<p style=\"text-align: justify;\">Para el diputado Daniel Centuri\u00f3n, enfrentar la crisis penitenciaria requiere de un trabajo integral y multisectorial, que involucre a todos los poderes del Estado. Dijo que la problem\u00e1tica de los diferentes centros de reclusi\u00f3n lleva muchos a\u00f1os y necesita un golpe de tim\u00f3n para ser contrarrestada.<!--more--><\/p>\n<p style=\"text-align: justify;\">Apunt\u00f3 el \u00e1mbito presupuestario; la log\u00edstica; las inversiones; y la mora judicial, como temas que requieren un profundo an\u00e1lisis.<\/p>\n<p style=\"text-align: justify;\">Igualmente, afirm\u00f3 que se necesita firmeza para hacer frente a los innumerables desaf\u00edos.<\/p>\n<p style=\"text-align: justify;\">\u201cSe necesita un golpe de tim\u00f3n; un giro de 180 grados; mucha firmeza para enfrentar la crisis que se registra en el sistema penal. Conozco el sistema penitenciario y debe tener un trabajo integral, de todos los organismos relacionados a la justicia, de todos los \u00f3rganos de seguridad; pero resulta que hasta hoy no estamos viendo eso\u201d, esgrimi\u00f3.<\/p>\n<p style=\"text-align: justify;\">El diputado Centuri\u00f3n se mostr\u00f3 confiado en que el proyecto de \u201cLey Org\u00e1nica Penitenciaria\u201d, ser\u00e1 una herramienta que posibilitar\u00e1 grandes avances en el ordenamiento del sistema penal.<\/p>\n<p style=\"text-align: justify;\">Pidi\u00f3 \u201ctrabajar todos juntos la cuesti\u00f3n de fondo\u201d, si realmente se desea enfrentar con seriedad y efectividad esta crisis.<\/p>\n<p style=\"text-align: justify;\">\u201cSe necesita un compromiso firme por parte de todos los actores pol\u00edticos y de las autoridades, especialmente\u201d, signific\u00f3 el legislador.<\/p>\n<p style=\"text-align: justify;\">Vale recordar que la C\u00e1mara de Diputados ya aprob\u00f3 en general dicha normativa. El estudio en particular fue postergado. Fuente: Diputados.<\/p>\n<p>&nbsp;<\/p>\n","protected":false},"excerpt":{"rendered":"<p>Para el diputado Daniel Centuri\u00f3n, enfrentar la crisis penitenciaria requiere de un trabajo integral y multisectorial, que involucre a todos los poderes del Estado. Dijo que la problem\u00e1tica de los&hellip; <\/p>\n","protected":false},"author":1,"featured_media":55877,"comment_status":"closed","ping_status":"open","sticky":false,"template":"","format":"standard","meta":{"sfsi_plus_gutenberg_text_before_share":"","sfsi_plus_gutenberg_show_text_before_share":"","sfsi_plus_gutenberg_icon_type":"","sfsi_plus_gutenberg_icon_alignemt":"","sfsi_plus_gutenburg_max_per_row":"","footnotes":"","_jetpack_memberships_contains_paid_content":false,"jetpack_publicize_message":"","jetpack_publicize_feature_enabled":true,"jetpack_social_post_already_shared":true,"jetpack_social_options":{"image_generator_settings":{"template":"highway","enabled":false},"version":2}},"categories":[4],"tags":[],"jetpack_publicize_connections":[],"jetpack_sharing_enabled":true,"jetpack_featured_media_url":"https:\/\/agendaparaguay.com\/v2\/wp-content\/uploads\/2023\/07\/Dip._Daniel_Centurion.jpg","_links":{"self":[{"href":"https:\/\/agendaparaguay.com\/v2\/wp-json\/wp\/v2\/posts\/59677"}],"collection":[{"href":"https:\/\/agendaparaguay.com\/v2\/wp-json\/wp\/v2\/posts"}],"about":[{"href":"https:\/\/agendaparaguay.com\/v2\/wp-json\/wp\/v2\/types\/post"}],"author":[{"embeddable":true,"href":"https:\/\/agendaparaguay.com\/v2\/wp-json\/wp\/v2\/users\/1"}],"replies":[{"embeddable":true,"href":"https:\/\/agendaparaguay.com\/v2\/wp-json\/wp\/v2\/comments?post=59677"}],"version-history":[{"count":2,"href":"https:\/\/agendaparaguay.com\/v2\/wp-json\/wp\/v2\/posts\/59677\/revisions"}],"predecessor-version":[{"id":59679,"href":"https:\/\/agendaparaguay.com\/v2\/wp-json\/wp\/v2\/posts\/59677\/revisions\/59679"}],"wp:featuredmedia":[{"embeddable":true,"href":"https:\/\/agendaparaguay.com\/v2\/wp-json\/wp\/v2\/media\/55877"}],"wp:attachment":[{"href":"https:\/\/agendaparaguay.com\/v2\/wp-json\/wp\/v2\/media?parent=59677"}],"wp:term":[{"taxonomy":"category","embeddable":true,"href":"https:\/\/agendaparaguay.com\/v2\/wp-json\/wp\/v2\/categories?post=59677"},{"taxonomy":"post_tag","embeddable":true,"href":"https:\/\/agendaparaguay.com\/v2\/wp-json\/wp\/v2\/tags?post=59677"}],"curies":[{"name":"wp","href":"https:\/\/api.w.org\/{rel}","templated":true}]}}