{"id":60174,"date":"2023-12-16T07:30:06","date_gmt":"2023-12-16T10:30:06","guid":{"rendered":"https:\/\/agendaparaguay.com\/v2\/?p=60174"},"modified":"2023-12-16T14:53:30","modified_gmt":"2023-12-16T17:53:30","slug":"instan-al-mec-a-ensenar-nociones-generales-sobre-la-objecion-de-conciencia-al-smo","status":"publish","type":"post","link":"https:\/\/agendaparaguay.com\/v2\/2023\/12\/16\/instan-al-mec-a-ensenar-nociones-generales-sobre-la-objecion-de-conciencia-al-smo\/","title":{"rendered":"Instan al MEC a ense\u00f1ar nociones generales sobre la objeci\u00f3n de conciencia al SMO"},"content":{"rendered":"<p style=\"text-align: justify;\">La C\u00e1mara de Diputados, a instancias del legislador Carlos Mar\u00eda L\u00f3pez aprob\u00f3 un proyecto de declaraci\u00f3n \u201cPor la que se insta al Poder Ejecutivo-Ministerio de Educaci\u00f3n y Cultura a incluir en su malla curricular, en el \u00e1rea de desarrollo personal y social, la objeci\u00f3n de consciencia y el servicio civil\u201d.<!--more--><\/p>\n<p style=\"text-align: justify;\">La finalidad es que el ente en cuesti\u00f3n tome las medidas necesarias para la inclusi\u00f3n en la malla curricular de la Educaci\u00f3n Secundaria, espec\u00edficamente, en el \u00e1rea de desarrollo personal y social.<\/p>\n<p style=\"text-align: justify;\">La idea es dotar de la informaci\u00f3n a los estudiantes, lo m\u00e1s precisa y detallada posible, sobre la objeci\u00f3n de consciencia, su existencia y la forma de ejercicio de este derecho.<\/p>\n<p style=\"text-align: justify;\">El proyectista explic\u00f3 que la idea nace en vista a la puesta en funcionamiento del Consejo de Objeci\u00f3n de Consciencia, el cual integra un representante de la Comisi\u00f3n de Derechos Humanos de la C\u00e1mara Baja.<\/p>\n<p style=\"text-align: justify;\">Mencion\u00f3, igualmente, que se consider\u00f3 el art\u00edculo 37 de la Constituci\u00f3n Nacional que consagra el derecho de los ciudadanos, mayores de 18 a\u00f1os, a la objeci\u00f3n de consciencia.<\/p>\n<p style=\"text-align: justify;\">Es importante mencionar que la Ley N\u00ba 4013\/15, reglamenta el ejercicio del derecho a la objeci\u00f3n de conciencia al Servicio Militar Obligatorio y establece el servicio sustitutivo al mismo en beneficio de la poblaci\u00f3n civil.<\/p>\n<p style=\"text-align: justify;\">Esta disposici\u00f3n legal que, a su vez reglamenta el Art. 119 de la Constituci\u00f3n Nacional, considera objetor de conciencia a aquel ciudadano que, hall\u00e1ndose obligado a prestar el Servicio Militar Obligatorio, se niega a hacerlo por razones \u00e9ticas o religiosas, declarando su objeci\u00f3n de conciencia contra el mismo ante la autoridad fijada en la presente ley; la cual establecer\u00e1 la procedencia o no de la misma, a los efectos previstos en la Constituci\u00f3n Nacional y en las leyes vigentes.<\/p>\n<p style=\"text-align: justify;\">El diputado L\u00f3pez explica, en su exposici\u00f3n de motivos, que existe un desconocimiento general de lo establecido en la legislaci\u00f3n vigente por parte de la poblaci\u00f3n en general, por lo que resulta imperativo que el Poder Ejecutivo, a trav\u00e9s del Ministerio de Educaci\u00f3n y Cultura, incluya dentro de su malla curricular o plan de estudios, la informaci\u00f3n adecuada sobre este importante derecho consagrado por la Constituci\u00f3n Nacional. Fuente: Diputados.<\/p>\n","protected":false},"excerpt":{"rendered":"<p>La C\u00e1mara de Diputados, a instancias del legislador Carlos Mar\u00eda L\u00f3pez aprob\u00f3 un proyecto de declaraci\u00f3n \u201cPor la que se insta al Poder Ejecutivo-Ministerio de Educaci\u00f3n y Cultura a incluir&hellip; <\/p>\n","protected":false},"author":1,"featured_media":54235,"comment_status":"closed","ping_status":"open","sticky":false,"template":"","format":"standard","meta":{"sfsi_plus_gutenberg_text_before_share":"","sfsi_plus_gutenberg_show_text_before_share":"","sfsi_plus_gutenberg_icon_type":"","sfsi_plus_gutenberg_icon_alignemt":"","sfsi_plus_gutenburg_max_per_row":"","footnotes":"","_jetpack_memberships_contains_paid_content":false,"jetpack_publicize_message":"","jetpack_publicize_feature_enabled":true,"jetpack_social_post_already_shared":true,"jetpack_social_options":{"image_generator_settings":{"template":"highway","enabled":false},"version":2}},"categories":[4],"tags":[],"jetpack_publicize_connections":[],"jetpack_sharing_enabled":true,"jetpack_featured_media_url":"https:\/\/agendaparaguay.com\/v2\/wp-content\/uploads\/2023\/05\/carlos_maria_lopez_pdte.jpg","_links":{"self":[{"href":"https:\/\/agendaparaguay.com\/v2\/wp-json\/wp\/v2\/posts\/60174"}],"collection":[{"href":"https:\/\/agendaparaguay.com\/v2\/wp-json\/wp\/v2\/posts"}],"about":[{"href":"https:\/\/agendaparaguay.com\/v2\/wp-json\/wp\/v2\/types\/post"}],"author":[{"embeddable":true,"href":"https:\/\/agendaparaguay.com\/v2\/wp-json\/wp\/v2\/users\/1"}],"replies":[{"embeddable":true,"href":"https:\/\/agendaparaguay.com\/v2\/wp-json\/wp\/v2\/comments?post=60174"}],"version-history":[{"count":1,"href":"https:\/\/agendaparaguay.com\/v2\/wp-json\/wp\/v2\/posts\/60174\/revisions"}],"predecessor-version":[{"id":60175,"href":"https:\/\/agendaparaguay.com\/v2\/wp-json\/wp\/v2\/posts\/60174\/revisions\/60175"}],"wp:featuredmedia":[{"embeddable":true,"href":"https:\/\/agendaparaguay.com\/v2\/wp-json\/wp\/v2\/media\/54235"}],"wp:attachment":[{"href":"https:\/\/agendaparaguay.com\/v2\/wp-json\/wp\/v2\/media?parent=60174"}],"wp:term":[{"taxonomy":"category","embeddable":true,"href":"https:\/\/agendaparaguay.com\/v2\/wp-json\/wp\/v2\/categories?post=60174"},{"taxonomy":"post_tag","embeddable":true,"href":"https:\/\/agendaparaguay.com\/v2\/wp-json\/wp\/v2\/tags?post=60174"}],"curies":[{"name":"wp","href":"https:\/\/api.w.org\/{rel}","templated":true}]}}