{"id":60216,"date":"2023-12-18T21:58:05","date_gmt":"2023-12-19T00:58:05","guid":{"rendered":"https:\/\/agendaparaguay.com\/v2\/?p=60216"},"modified":"2023-12-18T21:58:05","modified_gmt":"2023-12-19T00:58:05","slug":"senador-kemper-felicita-al-ejecutivo-por-recuperar-manejo-de-tacumbu","status":"publish","type":"post","link":"https:\/\/agendaparaguay.com\/v2\/2023\/12\/18\/senador-kemper-felicita-al-ejecutivo-por-recuperar-manejo-de-tacumbu\/","title":{"rendered":"Senador Kemper felicita al Ejecutivo por recuperar manejo de Tacumb\u00fa"},"content":{"rendered":"<p style=\"text-align: justify;\">El senador por el Encuentro Nacional, Patric Kemper felicit\u00f3 este lunes al gobierno por el Operativo Veneratio que permiti\u00f3 recuperar el manejo del Penal de Tacumb\u00fa, cuyo control ten\u00eda el Clan Rotela.<!--more--><\/p>\n<p style=\"text-align: justify;\">\u00abFelicito a todas las instituciones que fueron parte del #OperativoVeneratio que logr\u00f3 retomar el control de la penitenciar\u00eda de Tacumb\u00fa y reestablecer la autoridad del Estado paraguayo\u00bb, destac\u00f3 el legislador a trav\u00e9s de su cuenta en la red social X.<\/p>\n<p style=\"text-align: justify;\">Este es un paso importante para la lucha contra el crimen organizado que tanto da\u00f1o hace al pa\u00eds y espero que sea el primer paso de una reforma total del sistema penitenciario.<\/p>\n<p style=\"text-align: justify;\">\u00abExpreso adem\u00e1s mi reconocimiento a toda la fuerza operativa que estuvo al frente arriesgando su vida y lamento profundamente el fallecimiento del suboficial ayudante Mart\u00edn Mendoza quien entreg\u00f3 su vida cumpliendo su misi\u00f3n al servicio del pa\u00eds\u00bb, agreg\u00f3 el parlamentario.<\/p>\n<p style=\"text-align: justify;\">\u00abHay que reconocer al gobierno nacional por este exitoso operativo\u00bb, sentenci\u00f3.<\/p>\n","protected":false},"excerpt":{"rendered":"<p>El senador por el Encuentro Nacional, Patric Kemper felicit\u00f3 este lunes al gobierno por el Operativo Veneratio que permiti\u00f3 recuperar el manejo del Penal de Tacumb\u00fa, cuyo control ten\u00eda el&hellip; <\/p>\n","protected":false},"author":1,"featured_media":9363,"comment_status":"closed","ping_status":"open","sticky":false,"template":"","format":"standard","meta":{"sfsi_plus_gutenberg_text_before_share":"","sfsi_plus_gutenberg_show_text_before_share":"","sfsi_plus_gutenberg_icon_type":"","sfsi_plus_gutenberg_icon_alignemt":"","sfsi_plus_gutenburg_max_per_row":"","footnotes":"","_jetpack_memberships_contains_paid_content":false,"jetpack_publicize_message":"","jetpack_publicize_feature_enabled":true,"jetpack_social_post_already_shared":true,"jetpack_social_options":{"image_generator_settings":{"template":"highway","enabled":false},"version":2}},"categories":[2],"tags":[],"jetpack_publicize_connections":[],"jetpack_sharing_enabled":true,"jetpack_featured_media_url":"https:\/\/agendaparaguay.com\/v2\/wp-content\/uploads\/2019\/06\/sen_patrick_kemper.jpg","_links":{"self":[{"href":"https:\/\/agendaparaguay.com\/v2\/wp-json\/wp\/v2\/posts\/60216"}],"collection":[{"href":"https:\/\/agendaparaguay.com\/v2\/wp-json\/wp\/v2\/posts"}],"about":[{"href":"https:\/\/agendaparaguay.com\/v2\/wp-json\/wp\/v2\/types\/post"}],"author":[{"embeddable":true,"href":"https:\/\/agendaparaguay.com\/v2\/wp-json\/wp\/v2\/users\/1"}],"replies":[{"embeddable":true,"href":"https:\/\/agendaparaguay.com\/v2\/wp-json\/wp\/v2\/comments?post=60216"}],"version-history":[{"count":1,"href":"https:\/\/agendaparaguay.com\/v2\/wp-json\/wp\/v2\/posts\/60216\/revisions"}],"predecessor-version":[{"id":60217,"href":"https:\/\/agendaparaguay.com\/v2\/wp-json\/wp\/v2\/posts\/60216\/revisions\/60217"}],"wp:featuredmedia":[{"embeddable":true,"href":"https:\/\/agendaparaguay.com\/v2\/wp-json\/wp\/v2\/media\/9363"}],"wp:attachment":[{"href":"https:\/\/agendaparaguay.com\/v2\/wp-json\/wp\/v2\/media?parent=60216"}],"wp:term":[{"taxonomy":"category","embeddable":true,"href":"https:\/\/agendaparaguay.com\/v2\/wp-json\/wp\/v2\/categories?post=60216"},{"taxonomy":"post_tag","embeddable":true,"href":"https:\/\/agendaparaguay.com\/v2\/wp-json\/wp\/v2\/tags?post=60216"}],"curies":[{"name":"wp","href":"https:\/\/api.w.org\/{rel}","templated":true}]}}