{"id":60776,"date":"2024-01-05T23:01:06","date_gmt":"2024-01-06T02:01:06","guid":{"rendered":"https:\/\/agendaparaguay.com\/v2\/?p=60776"},"modified":"2024-01-06T19:15:55","modified_gmt":"2024-01-06T22:15:55","slug":"aumento-de-casos-de-covid19-y-dengue-deben-alertar-a-la-poblacion","status":"publish","type":"post","link":"https:\/\/agendaparaguay.com\/v2\/2024\/01\/05\/aumento-de-casos-de-covid19-y-dengue-deben-alertar-a-la-poblacion\/","title":{"rendered":"Aumento de casos de Covid19 y Dengue deben alertar a la poblaci\u00f3n"},"content":{"rendered":"<p style=\"text-align: justify;\">Ante el preocupante aumento de casos de circulaci\u00f3n de dengue y covid-19 en la poblaci\u00f3n, el Ministerio de Salud y el Instituto de Previsi\u00f3n Social (IPS) acordaron trabajar para lograr concienciar a la ciudadan\u00eda sobre la posibilidad que existe de contraer ambas enfermedades en simult\u00e1neo que pueden derivar en complicaciones para la salud.<!--more--><\/p>\n<p style=\"text-align: justify;\">El gerente de Salud del IPS, Carlos Mor\u00ednigo afirm\u00f3 que actualmente el pa\u00eds se encuentra en una situaci\u00f3n epidemiol\u00f3gica en donde circulan tanto el dengue como el covid-19 y lo que se busca es que la ciudadan\u00eda pueda protegerse para no contraer ambas infecciones a la vez.<\/p>\n<p style=\"text-align: justify;\">\u00abLos pacientes que son inmunodeprimidos o que tienen alguna cormobilidad pueden llegar a complicarse. Es riesgoso y hay que tener en cuenta por sobre todo las recomendaciones de eliminar los criaderos, utilizar ropas largas y repelentes para evitar ser picados por los mosquitos\u00bb, sostuvo Mor\u00ednigo este viernes en entrevista con Radio Nacional del Paraguay.<\/p>\n<p style=\"text-align: justify;\">Dijo que desde el 28 de septiembre \u00faltimo el IPS sac\u00f3 una Resoluci\u00f3n para alertar a todos los \u00abservicios para que se preparen por esta eventualidad que ve\u00edamos venir\u00bb. Afirm\u00f3 que todos los jueves funcionarios de la instituci\u00f3n analizan los n\u00fameros para poder definir las estrategias a seguir y as\u00ed mejorar la atenci\u00f3n a los asegurados.<\/p>\n<p style=\"text-align: justify;\">En cuanto a la disponibilidad de camas refiri\u00f3 que las mismas se encuentran con una ocupaci\u00f3n del 30%. \u00abHay disponibilidad, ahora estamos sumando sillas de dilataci\u00f3n en las urgencias. Estamos preparando los servicios para eso\u00bb, afirm\u00f3.<\/p>\n<p style=\"text-align: justify;\">Sostuvo que el IPS cuenta con un convenio de trabajo con el Ministerio de Salud P\u00fablica mediante el cual se logra monitorear los casos, la concienciaci\u00f3n a la ciudadan\u00eda y la otra parte que es la operativa y que corresponde a los Servicios de Salud que incluye a los recursos humanos, estructura y medicamentos.<\/p>\n<p style=\"text-align: justify;\">Asegur\u00f3 que actualmente el IPS cuenta con insumos de medicamentos y laboratorio para hacer frente al dengue. \u00abEsto en base a experiencias anteriores y nos basamos mucho en los n\u00fameros epidemiol\u00f3gicos que se contrastan con los datos que tenemos aqu\u00ed\u00bb, explic\u00f3.<\/p>\n<p style=\"text-align: justify;\">Sostuvo que lo que se busca es evitar que los centros de atenci\u00f3n tanto en el sector de la Previsional como de Salud P\u00fablica \u00abcolapsen y que no lleguen a un tope mayor al 80%, ah\u00ed es donde nosotros ya estamos seguros en el horno\u00bb, ironiz\u00f3.<\/p>\n<p style=\"text-align: justify;\">Agreg\u00f3 que para evitar que ello ocurra la ciudadan\u00eda debe contribuir limpiando los criaderos del mosquito, utilizando repelentes, mosquiteros y por sobre todo teniendo cuidado de los adultos mayores, ni\u00f1os peque\u00f1os y adolescentes ya que son los m\u00e1s propensos a tener enfermedades de base o bajas defensas.<\/p>\n<p style=\"text-align: justify;\">\u00abSe puede evitar en este enero con nuestro comportamiento que se llegue al colapso de los centros asistenciales. Este mes de enero es crucial para que esos n\u00fameros no se disparen en febrero y marzo. Hay varios factores que suman para que ello pueda ocurrir el periodo vacacional y la gente que retorna de Brasil\u00bb, recalc\u00f3.<\/p>\n<p style=\"text-align: justify;\">\u00abLa vida se encuentra en la mano de cada uno de nosotros, el cuidado en comunidad e individual se demuestra eliminando los criaderos y que cada uno debe ser consciente que para que esto no explote solo se depende del comportamiento ciudadano\u00bb, dijo finalmente. fuente: Ip<\/p>\n","protected":false},"excerpt":{"rendered":"<p>Ante el preocupante aumento de casos de circulaci\u00f3n de dengue y covid-19 en la poblaci\u00f3n, el Ministerio de Salud y el Instituto de Previsi\u00f3n Social (IPS) acordaron trabajar para lograr&hellip; <\/p>\n","protected":false},"author":1,"featured_media":53071,"comment_status":"closed","ping_status":"open","sticky":false,"template":"","format":"standard","meta":{"sfsi_plus_gutenberg_text_before_share":"","sfsi_plus_gutenberg_show_text_before_share":"","sfsi_plus_gutenberg_icon_type":"","sfsi_plus_gutenberg_icon_alignemt":"","sfsi_plus_gutenburg_max_per_row":"","footnotes":"","_jetpack_memberships_contains_paid_content":false,"jetpack_publicize_message":"","jetpack_publicize_feature_enabled":true,"jetpack_social_post_already_shared":true,"jetpack_social_options":{"image_generator_settings":{"template":"highway","enabled":false},"version":2}},"categories":[5],"tags":[],"jetpack_publicize_connections":[],"jetpack_sharing_enabled":true,"jetpack_featured_media_url":"https:\/\/agendaparaguay.com\/v2\/wp-content\/uploads\/2023\/03\/dengue_positivo.png","_links":{"self":[{"href":"https:\/\/agendaparaguay.com\/v2\/wp-json\/wp\/v2\/posts\/60776"}],"collection":[{"href":"https:\/\/agendaparaguay.com\/v2\/wp-json\/wp\/v2\/posts"}],"about":[{"href":"https:\/\/agendaparaguay.com\/v2\/wp-json\/wp\/v2\/types\/post"}],"author":[{"embeddable":true,"href":"https:\/\/agendaparaguay.com\/v2\/wp-json\/wp\/v2\/users\/1"}],"replies":[{"embeddable":true,"href":"https:\/\/agendaparaguay.com\/v2\/wp-json\/wp\/v2\/comments?post=60776"}],"version-history":[{"count":1,"href":"https:\/\/agendaparaguay.com\/v2\/wp-json\/wp\/v2\/posts\/60776\/revisions"}],"predecessor-version":[{"id":60777,"href":"https:\/\/agendaparaguay.com\/v2\/wp-json\/wp\/v2\/posts\/60776\/revisions\/60777"}],"wp:featuredmedia":[{"embeddable":true,"href":"https:\/\/agendaparaguay.com\/v2\/wp-json\/wp\/v2\/media\/53071"}],"wp:attachment":[{"href":"https:\/\/agendaparaguay.com\/v2\/wp-json\/wp\/v2\/media?parent=60776"}],"wp:term":[{"taxonomy":"category","embeddable":true,"href":"https:\/\/agendaparaguay.com\/v2\/wp-json\/wp\/v2\/categories?post=60776"},{"taxonomy":"post_tag","embeddable":true,"href":"https:\/\/agendaparaguay.com\/v2\/wp-json\/wp\/v2\/tags?post=60776"}],"curies":[{"name":"wp","href":"https:\/\/api.w.org\/{rel}","templated":true}]}}