{"id":61042,"date":"2024-01-13T13:43:22","date_gmt":"2024-01-13T16:43:22","guid":{"rendered":"https:\/\/agendaparaguay.com\/v2\/?p=61042"},"modified":"2024-01-13T13:43:22","modified_gmt":"2024-01-13T16:43:22","slug":"pena-y-lula-se-reuniran-en-brasil-para-analizar-temas-bilaterales","status":"publish","type":"post","link":"https:\/\/agendaparaguay.com\/v2\/2024\/01\/13\/pena-y-lula-se-reuniran-en-brasil-para-analizar-temas-bilaterales\/","title":{"rendered":"Pe\u00f1a y Lula se reunir\u00e1n en Brasil para analizar temas bilaterales"},"content":{"rendered":"<p style=\"text-align: justify;\">El mandatario Santiago Pe\u00f1a anuncia una visita oficial a Brasilia este lunes 15 de enero, para analizar importantes temas bilaterales con su par brasile\u00f1o, Luis Ignacio Lula da Silva y otras autoridades.<!--more--><\/p>\n<p style=\"text-align: justify;\">Acompa\u00f1ar\u00e1 al jefe de estado una comitiva integrada por el canciller nacional, Rub\u00e9n Ram\u00edrez, la jefa de Gabinete de la Presidencia de la Rep\u00fablica, Lea Gim\u00e9nez, el ministro de Econom\u00eda, Carlos Fern\u00e1ndez Valdovinos y el titular del Ministerio de Industria y Comercio, Javier Gim\u00e9nez, adem\u00e1s del director general paraguayo de la Itaipu, Justo Zacar\u00edas.<br \/>\nTemas que ser\u00e1n abordados<\/p>\n<p style=\"text-align: justify;\">En agenda, figuran acuerdos pendientes de concreci\u00f3n en la Itaipu, las obras de infraestructura conjunta, la cooperaci\u00f3n en la lucha contra el crimen organizado transnacional y otros de inter\u00e9s com\u00fan.<\/p>\n<p style=\"text-align: justify;\">Al igual que los avances y desaf\u00edos dentro del Mercosur, seg\u00fan lo detallado este s\u00e1bado por la Presidencia del Paraguay.<\/p>\n<p style=\"text-align: justify;\">Cabe destacar que, el presidente Pe\u00f1a mantiene una fluida comunicaci\u00f3n con Lula da Silva, incluso desde antes de asumir el cargo y en reiteradas ocasiones ha destacado esta apertura, abriendo paso a importantes expectativas para que los acuerdos pendientes sobre todo en Itaipu se concretar\u00e1n de manera positiva, con el objetivo de favorecer a ambos pa\u00edses y sus pueblos.<\/p>\n","protected":false},"excerpt":{"rendered":"<p>El mandatario Santiago Pe\u00f1a anuncia una visita oficial a Brasilia este lunes 15 de enero, para analizar importantes temas bilaterales con su par brasile\u00f1o, Luis Ignacio Lula da Silva y&hellip; <\/p>\n","protected":false},"author":1,"featured_media":56383,"comment_status":"closed","ping_status":"open","sticky":false,"template":"","format":"standard","meta":{"sfsi_plus_gutenberg_text_before_share":"","sfsi_plus_gutenberg_show_text_before_share":"","sfsi_plus_gutenberg_icon_type":"","sfsi_plus_gutenberg_icon_alignemt":"","sfsi_plus_gutenburg_max_per_row":"","footnotes":"","_jetpack_memberships_contains_paid_content":false,"jetpack_publicize_message":"","jetpack_publicize_feature_enabled":true,"jetpack_social_post_already_shared":true,"jetpack_social_options":{"image_generator_settings":{"template":"highway","enabled":false},"version":2}},"categories":[2],"tags":[],"jetpack_publicize_connections":[],"jetpack_sharing_enabled":true,"jetpack_featured_media_url":"https:\/\/agendaparaguay.com\/v2\/wp-content\/uploads\/2023\/07\/santi_pena_lula.jpg","_links":{"self":[{"href":"https:\/\/agendaparaguay.com\/v2\/wp-json\/wp\/v2\/posts\/61042"}],"collection":[{"href":"https:\/\/agendaparaguay.com\/v2\/wp-json\/wp\/v2\/posts"}],"about":[{"href":"https:\/\/agendaparaguay.com\/v2\/wp-json\/wp\/v2\/types\/post"}],"author":[{"embeddable":true,"href":"https:\/\/agendaparaguay.com\/v2\/wp-json\/wp\/v2\/users\/1"}],"replies":[{"embeddable":true,"href":"https:\/\/agendaparaguay.com\/v2\/wp-json\/wp\/v2\/comments?post=61042"}],"version-history":[{"count":1,"href":"https:\/\/agendaparaguay.com\/v2\/wp-json\/wp\/v2\/posts\/61042\/revisions"}],"predecessor-version":[{"id":61043,"href":"https:\/\/agendaparaguay.com\/v2\/wp-json\/wp\/v2\/posts\/61042\/revisions\/61043"}],"wp:featuredmedia":[{"embeddable":true,"href":"https:\/\/agendaparaguay.com\/v2\/wp-json\/wp\/v2\/media\/56383"}],"wp:attachment":[{"href":"https:\/\/agendaparaguay.com\/v2\/wp-json\/wp\/v2\/media?parent=61042"}],"wp:term":[{"taxonomy":"category","embeddable":true,"href":"https:\/\/agendaparaguay.com\/v2\/wp-json\/wp\/v2\/categories?post=61042"},{"taxonomy":"post_tag","embeddable":true,"href":"https:\/\/agendaparaguay.com\/v2\/wp-json\/wp\/v2\/tags?post=61042"}],"curies":[{"name":"wp","href":"https:\/\/api.w.org\/{rel}","templated":true}]}}