{"id":61085,"date":"2024-01-15T10:06:38","date_gmt":"2024-01-15T13:06:38","guid":{"rendered":"https:\/\/agendaparaguay.com\/v2\/?p=61085"},"modified":"2024-01-15T12:13:13","modified_gmt":"2024-01-15T15:13:13","slug":"presidente-pena-ya-se-encuentra-en-brasil-para-su-reunion-con-lula-da-silva","status":"publish","type":"post","link":"https:\/\/agendaparaguay.com\/v2\/2024\/01\/15\/presidente-pena-ya-se-encuentra-en-brasil-para-su-reunion-con-lula-da-silva\/","title":{"rendered":"Presidente Pe\u00f1a ya se encuentra en Brasil para su reuni\u00f3n con Lula da Silva"},"content":{"rendered":"<p style=\"text-align: justify\">El presidente de la Rep\u00fablica, Santiago Pe\u00f1a, ya se encuentra en Brasilia, donde esta ma\u00f1ana se reunir\u00e1 con su par de Brasil, Luiz In\u00e1cio Lula da Silva, para discutir importantes temas bilaterales, inform\u00f3 la Presidencia de la Rep\u00fablica.<\/p>\n<p style=\"text-align: justify\"><!--more--><\/p>\n<p style=\"text-align: justify\">\n<p style=\"text-align: justify\">Entre los temas de la agenda a ser abordada \u00a0figuran los acuerdos pendientes de concreci\u00f3n en la Itaip\u00fa, la obras de infraestructura conjunta, la cooperaci\u00f3n en la lucha contra el crimen organizado transnacional y otros de inter\u00e9s com\u00fan, \u00a0como los avances y desaf\u00edos dentro del Mercosur.<\/p>\n<p style=\"text-align: justify\">\n<p style=\"text-align: justify\">El mandatario paraguayo va acompa\u00f1ado de una comitiva integrada por los Ministros, Rub\u00e9n Ram\u00edrez, Lea Gim\u00e9nez, Carlos Fernandez Valdovinos y Javier Gim\u00e9nez, adem\u00e1s del director paraguayo de la Itaip\u00fa, Justo Zacarias.<\/p>\n<p style=\"text-align: justify\">\n<p style=\"text-align: justify\">El presidente Pe\u00f1a mantiene una fluida comunicaci\u00f3n con Lula da Silva, \u00a0incluso desde antes de asumir el cargo y en reiteradas ocasiones ha destacado esta apertura, que seg\u00fan ha dicho, permite tener importantes expectativas de que los acuerdos pendientes sobre todo en Itaip\u00fa se concretar\u00e1n de manera positiva para favorecer a ambos pa\u00edses y sus pueblos, report\u00f3 la Presidencia de la Rep\u00fablica.<\/p>\n","protected":false},"excerpt":{"rendered":"<p>El presidente de la Rep\u00fablica, Santiago Pe\u00f1a, ya se encuentra en Brasilia, donde esta ma\u00f1ana se reunir\u00e1 con su par de Brasil, Luiz In\u00e1cio Lula da Silva, para discutir importantes&hellip; <\/p>\n","protected":false},"author":3,"featured_media":61086,"comment_status":"closed","ping_status":"open","sticky":false,"template":"","format":"standard","meta":{"sfsi_plus_gutenberg_text_before_share":"","sfsi_plus_gutenberg_show_text_before_share":"","sfsi_plus_gutenberg_icon_type":"","sfsi_plus_gutenberg_icon_alignemt":"","sfsi_plus_gutenburg_max_per_row":"","footnotes":"","_jetpack_memberships_contains_paid_content":false,"jetpack_publicize_message":"","jetpack_publicize_feature_enabled":true,"jetpack_social_post_already_shared":true,"jetpack_social_options":{"image_generator_settings":{"template":"highway","enabled":false},"version":2}},"categories":[2],"tags":[],"jetpack_publicize_connections":[],"jetpack_sharing_enabled":true,"jetpack_featured_media_url":"https:\/\/agendaparaguay.com\/v2\/wp-content\/uploads\/2024\/01\/santiago_pena_brasil.jpeg","_links":{"self":[{"href":"https:\/\/agendaparaguay.com\/v2\/wp-json\/wp\/v2\/posts\/61085"}],"collection":[{"href":"https:\/\/agendaparaguay.com\/v2\/wp-json\/wp\/v2\/posts"}],"about":[{"href":"https:\/\/agendaparaguay.com\/v2\/wp-json\/wp\/v2\/types\/post"}],"author":[{"embeddable":true,"href":"https:\/\/agendaparaguay.com\/v2\/wp-json\/wp\/v2\/users\/3"}],"replies":[{"embeddable":true,"href":"https:\/\/agendaparaguay.com\/v2\/wp-json\/wp\/v2\/comments?post=61085"}],"version-history":[{"count":1,"href":"https:\/\/agendaparaguay.com\/v2\/wp-json\/wp\/v2\/posts\/61085\/revisions"}],"predecessor-version":[{"id":61087,"href":"https:\/\/agendaparaguay.com\/v2\/wp-json\/wp\/v2\/posts\/61085\/revisions\/61087"}],"wp:featuredmedia":[{"embeddable":true,"href":"https:\/\/agendaparaguay.com\/v2\/wp-json\/wp\/v2\/media\/61086"}],"wp:attachment":[{"href":"https:\/\/agendaparaguay.com\/v2\/wp-json\/wp\/v2\/media?parent=61085"}],"wp:term":[{"taxonomy":"category","embeddable":true,"href":"https:\/\/agendaparaguay.com\/v2\/wp-json\/wp\/v2\/categories?post=61085"},{"taxonomy":"post_tag","embeddable":true,"href":"https:\/\/agendaparaguay.com\/v2\/wp-json\/wp\/v2\/tags?post=61085"}],"curies":[{"name":"wp","href":"https:\/\/api.w.org\/{rel}","templated":true}]}}