{"id":61117,"date":"2024-01-15T19:41:22","date_gmt":"2024-01-15T22:41:22","guid":{"rendered":"https:\/\/agendaparaguay.com\/v2\/?p=61117"},"modified":"2024-01-16T07:40:40","modified_gmt":"2024-01-16T10:40:40","slug":"anuncian-reinaguracion-de-la-oficina-de-la-juventud-liberal","status":"publish","type":"post","link":"https:\/\/agendaparaguay.com\/v2\/2024\/01\/15\/anuncian-reinaguracion-de-la-oficina-de-la-juventud-liberal\/","title":{"rendered":"Anuncian reinaguraci\u00f3n de la oficina de la juventud liberal"},"content":{"rendered":"<p style=\"text-align: justify;\">Representantes de la Juventud Liberal se reunieron con el Presidente del Partido Liberal, Dr.Hugo Fleitas, para discutir planes para la reinauguraci\u00f3n de la oficina de la Juventud Liberal.<!--more--><\/p>\n<p style=\"text-align: justify;\">Seg\u00fan informaron los j\u00f3venes, este espacio renovado no solo ser\u00e1 el coraz\u00f3n de las actividades juveniles, sino que tambi\u00e9n ofrecer\u00e1 una variedad de servicios esenciales para los afiliados.<\/p>\n<p style=\"text-align: justify;\">Contar\u00e1 adem\u00e1s con una sala de reuniones, una oficina de atenci\u00f3n para resolver consultas y brindar asistencia, y un espacio dedicado al tradicional terer\u00e9, donde los j\u00f3venes que activen en el partido puedan compartir sus encuentros.<\/p>\n<p style=\"text-align: justify;\">Adem\u00e1s, se ha establecido instalar una sala de estudio, una biblioteca con recursos actualizados y computadoras disponibles para imprimir documentos.<\/p>\n<p style=\"text-align: justify;\">La intenci\u00f3n es que la oficina se convierta en un verdadero centro de apoyo, incluyendo una habitaci\u00f3n dise\u00f1ada para recibir a afiliados de todo el pa\u00eds que necesiten pasar la noche para llevar a cabo tr\u00e1mites en la capital, indicaron desde el PLRA.<\/p>\n","protected":false},"excerpt":{"rendered":"<p>Representantes de la Juventud Liberal se reunieron con el Presidente del Partido Liberal, Dr.Hugo Fleitas, para discutir planes para la reinauguraci\u00f3n de la oficina de la Juventud Liberal.<\/p>\n","protected":false},"author":1,"featured_media":61118,"comment_status":"closed","ping_status":"open","sticky":false,"template":"","format":"standard","meta":{"sfsi_plus_gutenberg_text_before_share":"","sfsi_plus_gutenberg_show_text_before_share":"","sfsi_plus_gutenberg_icon_type":"","sfsi_plus_gutenberg_icon_alignemt":"","sfsi_plus_gutenburg_max_per_row":"","footnotes":"","_jetpack_memberships_contains_paid_content":false,"jetpack_publicize_message":"","jetpack_publicize_feature_enabled":true,"jetpack_social_post_already_shared":true,"jetpack_social_options":{"image_generator_settings":{"template":"highway","enabled":false},"version":2}},"categories":[2],"tags":[],"jetpack_publicize_connections":[],"jetpack_sharing_enabled":true,"jetpack_featured_media_url":"https:\/\/agendaparaguay.com\/v2\/wp-content\/uploads\/2024\/01\/hugo_fleitas_juventud_plra.jpg","_links":{"self":[{"href":"https:\/\/agendaparaguay.com\/v2\/wp-json\/wp\/v2\/posts\/61117"}],"collection":[{"href":"https:\/\/agendaparaguay.com\/v2\/wp-json\/wp\/v2\/posts"}],"about":[{"href":"https:\/\/agendaparaguay.com\/v2\/wp-json\/wp\/v2\/types\/post"}],"author":[{"embeddable":true,"href":"https:\/\/agendaparaguay.com\/v2\/wp-json\/wp\/v2\/users\/1"}],"replies":[{"embeddable":true,"href":"https:\/\/agendaparaguay.com\/v2\/wp-json\/wp\/v2\/comments?post=61117"}],"version-history":[{"count":1,"href":"https:\/\/agendaparaguay.com\/v2\/wp-json\/wp\/v2\/posts\/61117\/revisions"}],"predecessor-version":[{"id":61119,"href":"https:\/\/agendaparaguay.com\/v2\/wp-json\/wp\/v2\/posts\/61117\/revisions\/61119"}],"wp:featuredmedia":[{"embeddable":true,"href":"https:\/\/agendaparaguay.com\/v2\/wp-json\/wp\/v2\/media\/61118"}],"wp:attachment":[{"href":"https:\/\/agendaparaguay.com\/v2\/wp-json\/wp\/v2\/media?parent=61117"}],"wp:term":[{"taxonomy":"category","embeddable":true,"href":"https:\/\/agendaparaguay.com\/v2\/wp-json\/wp\/v2\/categories?post=61117"},{"taxonomy":"post_tag","embeddable":true,"href":"https:\/\/agendaparaguay.com\/v2\/wp-json\/wp\/v2\/tags?post=61117"}],"curies":[{"name":"wp","href":"https:\/\/api.w.org\/{rel}","templated":true}]}}