{"id":61141,"date":"2024-01-16T11:35:50","date_gmt":"2024-01-16T14:35:50","guid":{"rendered":"https:\/\/agendaparaguay.com\/v2\/?p=61141"},"modified":"2024-01-16T21:17:40","modified_gmt":"2024-01-17T00:17:40","slug":"pena-promete-buscar-maximo-beneficio-para-el-pais-en-dialogo-con-brasil","status":"publish","type":"post","link":"https:\/\/agendaparaguay.com\/v2\/2024\/01\/16\/pena-promete-buscar-maximo-beneficio-para-el-pais-en-dialogo-con-brasil\/","title":{"rendered":"Pe\u00f1a promete buscar m\u00e1ximo beneficio para el pa\u00eds, en dialogo con Brasil"},"content":{"rendered":"<p style=\"text-align: justify\">El presidente de la Rep\u00fablica, Santiago Pe\u00f1a, evalu\u00f3 de manera positiva la reuni\u00f3n que mantuvo ayer con su hom\u00f3logo brasile\u00f1o, Luis Ing\u00e1cio Lula da Silva, y se expres\u00f3 entusiasmado con el avance de las negociaciones sobre la modificaci\u00f3n del Anexo C de la Itaipu y la definici\u00f3n de la tarifa el\u00e9ctrica.<\/p>\n<p><!--more--><\/p>\n<p style=\"text-align: justify\">\u00abNosotros tenemos una posici\u00f3n firme y seguiremos trabajando sobre eso, que es defender a los paraguayos. El m\u00e1ximo beneficio para los paraguayos, eso es lo que estamos buscando\u00bb, dijo este martes el presidente Pe\u00f1a con relaci\u00f3n a la postura paraguaya en las conversaciones con el Brasil.<\/p>\n<p style=\"text-align: justify\">Destac\u00f3 que estas negociaciones se dan en el marco de unas muy buenas relaciones personales y bilaterales entre las m\u00e1ximas autoridades de ambos pa\u00edses, pero reconoci\u00f3 que a estas buenas relaciones \u00abhay que darle contenido\u00bb.<\/p>\n<p style=\"text-align: justify\">Valor\u00f3 algunos \u00abgestos\u00bb que ya se han dado, como la exoneraci\u00f3n de un cobro pendiente, de cerca de 100 millones de d\u00f3lares, sobre la industria de maquila que exporta desde Paraguay a Brasil, lo que iba a significar una p\u00e9rdida de puestos de trabajo muy importante para el pa\u00eds.<\/p>\n<p style=\"text-align: justify\">\u00abAhora estamos para continuar las conversaciones sobre el Anexo C y el funcionamiento de Itaipu. Estamos muy entusiasmados, fui con un equipo de primer nivel y dejamos en claro que esta es una alt\u00edsima prioridad para Paraguay\u00bb, dijo.<\/p>\n<p style=\"text-align: justify\">Afirm\u00f3 que estas conversaciones van a continuar lo antes posible, con la visita del presidente Lula a Asunci\u00f3n en las pr\u00f3ximas semanas.<br \/>\nAcuerdos que permiten avanzar en las negociaciones<\/p>\n<p style=\"text-align: justify\">La jefa de Gabinete Civil de la Presidencia de la Rep\u00fablica, Lea Gim\u00e9nez, destac\u00f3 tambi\u00e9n este martes la importancia de las conversaciones mantenidas ayer en Brasilia, que se extendieron por aproximadamente seis horas.<\/p>\n<p style=\"text-align: justify\">\u00abSe tocaron temas de intereses, infraestructura regional, intercambio comercial y el rol que los pa\u00edses deben cumplir en el contexto internacional. El foco de la conversaci\u00f3n fue la definici\u00f3n de la tarifa de Itaip\u00fa para el 2024 y por otro lado, la redefinici\u00f3n del Anexo C\u00bb, resumi\u00f3.<\/p>\n<p style=\"text-align: justify\">Sobre las cuestiones referentes a Itaip\u00fa indic\u00f3 que se acord\u00f3 que los miembros del grupo negociador deben ser personas con conocimiento t\u00e9cnico, hist\u00f3rico y peso pol\u00edtico necesario para que los resultados sean efectivos y eficientes, pero m\u00e1s que nada constructivos para ambas partes.<\/p>\n<p style=\"text-align: justify\">\u00abSe acord\u00f3 que el pr\u00f3ximo encuentro va a ser en Asunci\u00f3n. El presidente Lula quiere venir a Asunci\u00f3n, y ambos mandatarios bajaron la l\u00ednea a los equipos de que esto se de en la brevedad posible\u00bb, dijo.<\/p>\n<p style=\"text-align: justify\">Gim\u00e9nez destac\u00f3 que \u00abes claro que los mandatarios de ambos pa\u00edses buscan sinceramente que sea un resultado favorable para ambas partes y que este sea un momento que permita consolidar las relaciones entre ambos pa\u00edses\u00bb.<\/p>\n<p style=\"text-align: justify\">\u00abHoy estamos tom\u00e1ndonos el tiempo con la responsabilidad debida para que estas definiciones se den de la mejor manera posible y maximizando el beneficio para nuestro pa\u00eds\u00bb, remarc\u00f3.<\/p>\n<p style=\"text-align: justify\">Fuente: Ip<\/p>\n","protected":false},"excerpt":{"rendered":"<p>El presidente de la Rep\u00fablica, Santiago Pe\u00f1a, evalu\u00f3 de manera positiva la reuni\u00f3n que mantuvo ayer con su hom\u00f3logo brasile\u00f1o, Luis Ing\u00e1cio Lula da Silva, y se expres\u00f3 entusiasmado con&hellip; <\/p>\n","protected":false},"author":3,"featured_media":61143,"comment_status":"closed","ping_status":"open","sticky":false,"template":"","format":"standard","meta":{"sfsi_plus_gutenberg_text_before_share":"","sfsi_plus_gutenberg_show_text_before_share":"","sfsi_plus_gutenberg_icon_type":"","sfsi_plus_gutenberg_icon_alignemt":"","sfsi_plus_gutenburg_max_per_row":"","footnotes":"","_jetpack_memberships_contains_paid_content":false,"jetpack_publicize_message":"","jetpack_publicize_feature_enabled":true,"jetpack_social_post_already_shared":true,"jetpack_social_options":{"image_generator_settings":{"template":"highway","enabled":false},"version":2}},"categories":[2],"tags":[],"jetpack_publicize_connections":[],"jetpack_sharing_enabled":true,"jetpack_featured_media_url":"https:\/\/agendaparaguay.com\/v2\/wp-content\/uploads\/2024\/01\/santiago_pena_Brasil.jpg","_links":{"self":[{"href":"https:\/\/agendaparaguay.com\/v2\/wp-json\/wp\/v2\/posts\/61141"}],"collection":[{"href":"https:\/\/agendaparaguay.com\/v2\/wp-json\/wp\/v2\/posts"}],"about":[{"href":"https:\/\/agendaparaguay.com\/v2\/wp-json\/wp\/v2\/types\/post"}],"author":[{"embeddable":true,"href":"https:\/\/agendaparaguay.com\/v2\/wp-json\/wp\/v2\/users\/3"}],"replies":[{"embeddable":true,"href":"https:\/\/agendaparaguay.com\/v2\/wp-json\/wp\/v2\/comments?post=61141"}],"version-history":[{"count":2,"href":"https:\/\/agendaparaguay.com\/v2\/wp-json\/wp\/v2\/posts\/61141\/revisions"}],"predecessor-version":[{"id":61144,"href":"https:\/\/agendaparaguay.com\/v2\/wp-json\/wp\/v2\/posts\/61141\/revisions\/61144"}],"wp:featuredmedia":[{"embeddable":true,"href":"https:\/\/agendaparaguay.com\/v2\/wp-json\/wp\/v2\/media\/61143"}],"wp:attachment":[{"href":"https:\/\/agendaparaguay.com\/v2\/wp-json\/wp\/v2\/media?parent=61141"}],"wp:term":[{"taxonomy":"category","embeddable":true,"href":"https:\/\/agendaparaguay.com\/v2\/wp-json\/wp\/v2\/categories?post=61141"},{"taxonomy":"post_tag","embeddable":true,"href":"https:\/\/agendaparaguay.com\/v2\/wp-json\/wp\/v2\/tags?post=61141"}],"curies":[{"name":"wp","href":"https:\/\/api.w.org\/{rel}","templated":true}]}}