{"id":61157,"date":"2024-01-16T13:11:25","date_gmt":"2024-01-16T16:11:25","guid":{"rendered":"https:\/\/agendaparaguay.com\/v2\/?p=61157"},"modified":"2024-01-16T13:11:25","modified_gmt":"2024-01-16T16:11:25","slug":"buscan-ordenar-instituciones-y-mejorar-el-marco-legal-del-servicio-civil-segun-viceministra","status":"publish","type":"post","link":"https:\/\/agendaparaguay.com\/v2\/2024\/01\/16\/buscan-ordenar-instituciones-y-mejorar-el-marco-legal-del-servicio-civil-segun-viceministra\/","title":{"rendered":"Buscan ordenar instituciones y mejorar el marco legal del servicio civil, seg\u00fan viceministra"},"content":{"rendered":"<p style=\"text-align: justify;\">Los dos proyectos de ley, tanto el de Organizaci\u00f3n Administrativa del Estado como el de Servicio Civil, apuntan a ordenar las instituciones p\u00fablicas y mejorar el marco legal de la carrera del servicio civil, teniendo como base las experiencias y \u201clagunas\u201d registradas con la Ley 1626 de la Funci\u00f3n P\u00fablica, se\u00f1al\u00f3 la viceministra de Capital Humano y Gesti\u00f3n Organizacional del Ministerio de Econom\u00eda, Andrea Picaso.<!--more--><\/p>\n<p style=\"text-align: justify;\">En ese sentido, durante una entrevista televisiva esta ma\u00f1ana en Canal GEN destac\u00f3 que ambos proyectos de ley son necesarios y tendr\u00e1n un impacto importante.<\/p>\n<p style=\"text-align: justify;\">\u201cEl de Organizaci\u00f3n Administrativa del Estado, con las modificaciones que ya presentamos, va a permitir ordenar las instituciones. De igual manera, sobre el Servicio Civil, en las pr\u00f3ximas semanas se van a presentar las modificaciones propuestas por este Gobierno, con lo que queremos mejorar el marco legal de lo que es la carrera del servidor p\u00fablico\u201d, agreg\u00f3.<\/p>\n<p style=\"text-align: justify;\">La viceministra explic\u00f3 que, si bien ambos proyectos ya fueron presentados en el Gobierno anterior, con la nueva administraci\u00f3n se est\u00e1n incorporando algunas modificaciones acordes al amplio marco de reformas que se van dando en la estructura del Estado.<\/p>\n<p style=\"text-align: justify;\">\u201cHay dos proyectos de ley que fueron presentados en el Gobierno anterior, el del Servicio Civil se present\u00f3 en octubre del 2022 y en julio del 2023 se present\u00f3 otro que complementa la propuesta de reforma del Estado que es el de Organizaci\u00f3n Administrativa. Sobre este \u00faltimo, el Ejecutivo incorpor\u00f3 algunas modificaciones en la primera semana de enero. As\u00ed tambi\u00e9n prev\u00e9 presentar las correspondientes al Servicio Civil en las pr\u00f3ximas semanas\u201d, argument\u00f3.<\/p>\n<p style=\"text-align: justify;\">Respecto al Servicio Civil, dijo que, si bien la versi\u00f3n a\u00fan no est\u00e1 cerrada, las modificaciones tienen que ver con definir criterios que ordenen la carrera del servidor p\u00fablico, de implementar concursos como mecanismo de ingreso al sector p\u00fablico, de una definici\u00f3n clara de la trayectoria que lleva un servidor p\u00fablico. Igualmente, dijo que otro de los pilares tiene que ver con la profesionalizaci\u00f3n del servicio civil para incrementar los niveles de competitividad y eficiencia del sector p\u00fablico.<\/p>\n","protected":false},"excerpt":{"rendered":"<p>Los dos proyectos de ley, tanto el de Organizaci\u00f3n Administrativa del Estado como el de Servicio Civil, apuntan a ordenar las instituciones p\u00fablicas y mejorar el marco legal de la&hellip; <\/p>\n","protected":false},"author":1,"featured_media":61158,"comment_status":"closed","ping_status":"open","sticky":false,"template":"","format":"standard","meta":{"sfsi_plus_gutenberg_text_before_share":"","sfsi_plus_gutenberg_show_text_before_share":"","sfsi_plus_gutenberg_icon_type":"","sfsi_plus_gutenberg_icon_alignemt":"","sfsi_plus_gutenburg_max_per_row":"","footnotes":"","_jetpack_memberships_contains_paid_content":false,"jetpack_publicize_message":"","jetpack_publicize_feature_enabled":true,"jetpack_social_post_already_shared":true,"jetpack_social_options":{"image_generator_settings":{"template":"highway","enabled":false},"version":2}},"categories":[2],"tags":[],"jetpack_publicize_connections":[],"jetpack_sharing_enabled":true,"jetpack_featured_media_url":"https:\/\/agendaparaguay.com\/v2\/wp-content\/uploads\/2024\/01\/viceministra_andrea_picasso.jpg","_links":{"self":[{"href":"https:\/\/agendaparaguay.com\/v2\/wp-json\/wp\/v2\/posts\/61157"}],"collection":[{"href":"https:\/\/agendaparaguay.com\/v2\/wp-json\/wp\/v2\/posts"}],"about":[{"href":"https:\/\/agendaparaguay.com\/v2\/wp-json\/wp\/v2\/types\/post"}],"author":[{"embeddable":true,"href":"https:\/\/agendaparaguay.com\/v2\/wp-json\/wp\/v2\/users\/1"}],"replies":[{"embeddable":true,"href":"https:\/\/agendaparaguay.com\/v2\/wp-json\/wp\/v2\/comments?post=61157"}],"version-history":[{"count":2,"href":"https:\/\/agendaparaguay.com\/v2\/wp-json\/wp\/v2\/posts\/61157\/revisions"}],"predecessor-version":[{"id":61160,"href":"https:\/\/agendaparaguay.com\/v2\/wp-json\/wp\/v2\/posts\/61157\/revisions\/61160"}],"wp:featuredmedia":[{"embeddable":true,"href":"https:\/\/agendaparaguay.com\/v2\/wp-json\/wp\/v2\/media\/61158"}],"wp:attachment":[{"href":"https:\/\/agendaparaguay.com\/v2\/wp-json\/wp\/v2\/media?parent=61157"}],"wp:term":[{"taxonomy":"category","embeddable":true,"href":"https:\/\/agendaparaguay.com\/v2\/wp-json\/wp\/v2\/categories?post=61157"},{"taxonomy":"post_tag","embeddable":true,"href":"https:\/\/agendaparaguay.com\/v2\/wp-json\/wp\/v2\/tags?post=61157"}],"curies":[{"name":"wp","href":"https:\/\/api.w.org\/{rel}","templated":true}]}}